{"id":24773,"date":"2017-09-22T00:04:24","date_gmt":"2017-09-22T03:04:24","guid":{"rendered":"http:\/\/www.sincomam.org.br\/?p=24773"},"modified":"2017-09-22T10:06:29","modified_gmt":"2017-09-22T13:06:29","slug":"cearaportos-tem-atuacao-ampliada-e-passa-a-se-chamar-cipp-s-a","status":"publish","type":"post","link":"https:\/\/www.sincomam.org.br\/index.php\/cearaportos-tem-atuacao-ampliada-e-passa-a-se-chamar-cipp-s-a\/","title":{"rendered":"Cear\u00e1portos tem atua\u00e7\u00e3o ampliada e passa a se chamar CIPP S.A"},"content":{"rendered":"<p>A Companhia de Integra\u00e7\u00e3o Portu\u00e1ria do Cear\u00e1 (Cear\u00e1portos) ganhou novo objeto social e \u00e1rea de atua\u00e7\u00e3o. A Mensagem n\u00ba 8163, de 11 de agosto de 2017, enviada pelo governador Camilo Santana para a Assembleia Legislativa, que moderniza a legisla\u00e7\u00e3o da Companhia, foi aprovada na sess\u00e3o desta quinta-feira (21).<\/p>\n<p>Com isso, a Cear\u00e1portos teve ampliado seu objeto social, alterando sua vincula\u00e7\u00e3o administrativa e tornando a Companhia Administradora da Zona de Processamento de Exporta\u00e7\u00e3o do Cear\u00e1 (ZPE-CE) sua subsidi\u00e1ria. A proposi\u00e7\u00e3o tamb\u00e9m altera a denomina\u00e7\u00e3o social da Cear\u00e1portos para Complexo Industrial e Portu\u00e1rio do Pec\u00e9m S.A (CIPP S.A) para dar maior abrang\u00eancia \u00e0 sua atua\u00e7\u00e3o. Com isso, a companhia CIPP S.A passa a atuar vinculada administrativamente \u00e0 Secretaria de Desenvolvimento Econ\u00f4mico (SDE) e n\u00e3o mais \u00e0 Secretaria da Infraestrutura (Seinfra).<\/p>\n<p>A proposta amplia o objeto social da Cear\u00e1portos para que atue tamb\u00e9m na administra\u00e7\u00e3o, opera\u00e7\u00e3o, explora\u00e7\u00e3o e desenvolvimento do Terminal Portu\u00e1rio do Pec\u00e9m, da zona industrial adjacente e da ZPE-CE, que comp\u00f5em juntas o Complexo Industrial Portu\u00e1rio do Pec\u00e9m. Desta forma, modifica a legisla\u00e7\u00e3o que trata da atua\u00e7\u00e3o da ZPE-CE, para que seja integrada \u00e0 Cear\u00e1portos.<\/p>\n<p>Segundo o governador Camilo Santana, tais mudan\u00e7as s\u00e3o necess\u00e1rias para incrementar a atua\u00e7\u00e3o dessas duas companhias estaduais, essenciais para promover de maneira ainda mais efetiva o desenvolvimento econ\u00f4mico e social do Estado do Cear\u00e1, notadamente o Complexo Industrial e Portu\u00e1rio do Pec\u00e9m.<\/p>\n<p>Fonte: Governo do Cear\u00e1<\/p>\n","protected":false},"excerpt":{"rendered":"<p>A Companhia de Integra\u00e7\u00e3o Portu\u00e1ria do Cear\u00e1 (Cear\u00e1portos) ganhou novo objeto social e \u00e1rea de atua\u00e7\u00e3o. A Mensagem n\u00ba 8163, de 11 de agosto de&#8230;<\/p>\n","protected":false},"author":1182,"featured_media":19106,"comment_status":"closed","ping_status":"closed","sticky":false,"template":"","format":"standard","meta":{"footnotes":""},"categories":[6],"tags":[],"class_list":["post-24773","post","type-post","status-publish","format-standard","has-post-thumbnail","hentry","category-noticias"],"_links":{"self":[{"href":"https:\/\/www.sincomam.org.br\/index.php\/wp-json\/wp\/v2\/posts\/24773","targetHints":{"allow":["GET"]}}],"collection":[{"href":"https:\/\/www.sincomam.org.br\/index.php\/wp-json\/wp\/v2\/posts"}],"about":[{"href":"https:\/\/www.sincomam.org.br\/index.php\/wp-json\/wp\/v2\/types\/post"}],"author":[{"embeddable":true,"href":"https:\/\/www.sincomam.org.br\/index.php\/wp-json\/wp\/v2\/users\/1182"}],"replies":[{"embeddable":true,"href":"https:\/\/www.sincomam.org.br\/index.php\/wp-json\/wp\/v2\/comments?post=24773"}],"version-history":[{"count":1,"href":"https:\/\/www.sincomam.org.br\/index.php\/wp-json\/wp\/v2\/posts\/24773\/revisions"}],"predecessor-version":[{"id":24774,"href":"https:\/\/www.sincomam.org.br\/index.php\/wp-json\/wp\/v2\/posts\/24773\/revisions\/24774"}],"wp:featuredmedia":[{"embeddable":true,"href":"https:\/\/www.sincomam.org.br\/index.php\/wp-json\/wp\/v2\/media\/19106"}],"wp:attachment":[{"href":"https:\/\/www.sincomam.org.br\/index.php\/wp-json\/wp\/v2\/media?parent=24773"}],"wp:term":[{"taxonomy":"category","embeddable":true,"href":"https:\/\/www.sincomam.org.br\/index.php\/wp-json\/wp\/v2\/categories?post=24773"},{"taxonomy":"post_tag","embeddable":true,"href":"https:\/\/www.sincomam.org.br\/index.php\/wp-json\/wp\/v2\/tags?post=24773"}],"curies":[{"name":"wp","href":"https:\/\/api.w.org\/{rel}","templated":true}]}}