{"id":24763,"date":"2017-09-21T00:01:31","date_gmt":"2017-09-21T03:01:31","guid":{"rendered":"http:\/\/sincomam.org.br\/?p=24763"},"modified":"2017-09-20T15:39:59","modified_gmt":"2017-09-20T18:39:59","slug":"cae-promove-seminario-sobre-conteudo-local-de-petroleo-e-gas-natural","status":"publish","type":"post","link":"https:\/\/www.sincomam.org.br\/index.php\/cae-promove-seminario-sobre-conteudo-local-de-petroleo-e-gas-natural\/","title":{"rendered":"CAE promove semin\u00e1rio sobre conte\u00fado local de petr\u00f3leo e g\u00e1s natural"},"content":{"rendered":"<p>A Comiss\u00e3o de Assuntos Econ\u00f4micos (CAE) promove semin\u00e1rio, nesta sexta-feira (22), para avaliar as pol\u00edticas p\u00fablicas de exig\u00eancia de conte\u00fado nacional nos setores de petr\u00f3leo e g\u00e1s natural.<\/p>\n<p>O semin\u00e1rio ter\u00e1 in\u00edcio \u00e0s 10h, no Clube de Engenharia da cidade do Rio de Janeiro, com a participa\u00e7\u00e3o de representantes dos minist\u00e9rios de Minas e Energia; da Ind\u00fastria, Com\u00e9rcio Exterior e Servi\u00e7os; e de Ci\u00eancia, Tecnologia, Inova\u00e7\u00f5es e Comunica\u00e7\u00f5es.<\/p>\n<p>Tamb\u00e9m foram convidados David Kupfer, do Instituto de Economia da UFRJ; al\u00e9m de representantes da Petrobras; da Ag\u00eancia Nacional do Petr\u00f3leo (ANP); do Banco Nacional de Desenvolvimento Econ\u00f4mico e Social (BNDES); da Ag\u00eancia Brasileira de Desenvolvimento Industrial; das federa\u00e7\u00f5es dos petroleiros; das associa\u00e7\u00f5es de Ind\u00fastria de M\u00e1quinas e Equipamentos, da Ind\u00fastria Qu\u00edmica; e dos sindicatos dos engenheiros e da Constru\u00e7\u00e3o e Repara\u00e7\u00e3o Naval.<\/p>\n<p>Conte\u00fado local<\/p>\n<p>Conte\u00fado local \u00e9 a parcela do total de investimentos realizados em um determinado empreendimento que s\u00e3o despendidos com a aquisi\u00e7\u00e3o de bens e servi\u00e7os providos por empresas brasileiras.<\/p>\n<p>A exig\u00eancia de conte\u00fado local objetiva gerar benef\u00edcios para a economia brasileira que v\u00e3o al\u00e9m daqueles diretamente decorrentes da receita gerada pelo empreendimento. Entre eles, a instala\u00e7\u00e3o e a consolida\u00e7\u00e3o de um parque industrial diversificado; a capacita\u00e7\u00e3o tecnol\u00f3gica e empresarial das empresas brasileiras; e o aumento do n\u00famero e da qualifica\u00e7\u00e3o de postos de trabalho, como perspectiva de inova\u00e7\u00e3o adapt\u00e1vel a novos setores da ind\u00fastria.<\/p>\n<p>Petrobras<\/p>\n<p>O senador Lindbergh Farias (PT-RJ) \u00e9 o autor do requerimento para a realiza\u00e7\u00e3o do semin\u00e1rio. Na justificativa, ele destaca que, diante da crise instalada na Petrobras, o atual governo aponta a exig\u00eancia de conte\u00fado local como uma das barreiras impeditivas da retomada do crescimento dessa ind\u00fastria e prop\u00f5e a redu\u00e7\u00e3o substancial dos percentuais m\u00ednimos de conte\u00fado local para as pr\u00f3ximas rodadas de licita\u00e7\u00f5es.<\/p>\n<p>\u201cNa pr\u00e1tica, o governo trata a crise de uma empresa, como se fosse um problema do setor por inteiro. Utilizam a crise da Petrobras, que \u00e9 de caixa, como pretexto para desmontar uma pol\u00edtica industrial que, na \u00faltima d\u00e9cada, proporcionou n\u00edveis cada vez maiores de renda e bem-estar da popula\u00e7\u00e3o, gerando empregos qualificados e difundindo ganhos em escala\u201d, observa.<\/p>\n<p>Fonte: Ag\u00eancia Senado<\/p>\n<div class=\"jwDisqusForm\"><\/div>\n","protected":false},"excerpt":{"rendered":"<p>A Comiss\u00e3o de Assuntos Econ\u00f4micos (CAE) promove semin\u00e1rio, nesta sexta-feira (22), para avaliar as pol\u00edticas p\u00fablicas de exig\u00eancia de conte\u00fado nacional nos setores de petr\u00f3leo&#8230;<\/p>\n","protected":false},"author":1182,"featured_media":17937,"comment_status":"closed","ping_status":"closed","sticky":false,"template":"","format":"standard","meta":{"footnotes":""},"categories":[6],"tags":[],"class_list":["post-24763","post","type-post","status-publish","format-standard","has-post-thumbnail","hentry","category-noticias"],"_links":{"self":[{"href":"https:\/\/www.sincomam.org.br\/index.php\/wp-json\/wp\/v2\/posts\/24763","targetHints":{"allow":["GET"]}}],"collection":[{"href":"https:\/\/www.sincomam.org.br\/index.php\/wp-json\/wp\/v2\/posts"}],"about":[{"href":"https:\/\/www.sincomam.org.br\/index.php\/wp-json\/wp\/v2\/types\/post"}],"author":[{"embeddable":true,"href":"https:\/\/www.sincomam.org.br\/index.php\/wp-json\/wp\/v2\/users\/1182"}],"replies":[{"embeddable":true,"href":"https:\/\/www.sincomam.org.br\/index.php\/wp-json\/wp\/v2\/comments?post=24763"}],"version-history":[{"count":1,"href":"https:\/\/www.sincomam.org.br\/index.php\/wp-json\/wp\/v2\/posts\/24763\/revisions"}],"predecessor-version":[{"id":24764,"href":"https:\/\/www.sincomam.org.br\/index.php\/wp-json\/wp\/v2\/posts\/24763\/revisions\/24764"}],"wp:featuredmedia":[{"embeddable":true,"href":"https:\/\/www.sincomam.org.br\/index.php\/wp-json\/wp\/v2\/media\/17937"}],"wp:attachment":[{"href":"https:\/\/www.sincomam.org.br\/index.php\/wp-json\/wp\/v2\/media?parent=24763"}],"wp:term":[{"taxonomy":"category","embeddable":true,"href":"https:\/\/www.sincomam.org.br\/index.php\/wp-json\/wp\/v2\/categories?post=24763"},{"taxonomy":"post_tag","embeddable":true,"href":"https:\/\/www.sincomam.org.br\/index.php\/wp-json\/wp\/v2\/tags?post=24763"}],"curies":[{"name":"wp","href":"https:\/\/api.w.org\/{rel}","templated":true}]}}