{"id":24759,"date":"2017-09-21T00:00:13","date_gmt":"2017-09-21T03:00:13","guid":{"rendered":"http:\/\/sincomam.org.br\/?p=24759"},"modified":"2017-09-20T15:36:33","modified_gmt":"2017-09-20T18:36:33","slug":"6o-maior-farol-do-mundo-inaugurado-no-mucuripe","status":"publish","type":"post","link":"https:\/\/www.sincomam.org.br\/index.php\/6o-maior-farol-do-mundo-inaugurado-no-mucuripe\/","title":{"rendered":"6\u00ba maior farol do mundo inaugurado no Mucuripe"},"content":{"rendered":"<p>O novo Farol do Mucuripe foi inaugurado oficialmente ap\u00f3s solenidade realizada pela Marinha do Brasil e Grupo J. Mac\u00eado, respons\u00e1veis pelo projeto. A estrutura impressiona pelos 71,1 metros de altura e foi apresentada como o maior farol tradicional das Am\u00e9ricas e o sexto maior do mundo, obedecendo as fun\u00e7\u00f5es de assegurar a vinda das navega\u00e7\u00f5es e ampliar a capacidade de verticaliza\u00e7\u00e3o de constru\u00e7\u00f5es na regi\u00e3o onde foi estabelecida. J\u00e1 em funcionamento, o investimento de R$ 5 milh\u00f5es foi feito pelo grupo J. Mac\u00eado, que possui instala\u00e7\u00f5es pr\u00f3ximas ao novo Farol.<\/p>\n<p>Ressaltando a import\u00e2ncia do Porto do Mucuripe como ponto estrat\u00e9gico e de conflu\u00eancia de rotas comerciais, Amar\u00edlio Mac\u00eado, presidente do Conselho J. Mac\u00eado, destacou o incremento da seguran\u00e7a costeira e a oportunidade de crescimento vertical demandada pela cidade e pelo grupo.\u00a0<\/p>\n<p><strong>Futuro<\/strong><\/p>\n<p>\u201cTemos o prop\u00f3sito de seguir o nosso compromisso de crescer. Est\u00e1vamos limitados pela altura do farol antigo, que n\u00e3o atendia mais \u00e0s necessidades do futuro. E agora, com esse novo Farol, o futuro j\u00e1 est\u00e1 virando presente. Estamos fazendo uma constru\u00e7\u00e3o de silos em uma altura que era proibida fazer antes, al\u00e9m de trazer seguran\u00e7a e desenvolvimento\u201d, esclarece Amar\u00edlio Mac\u00eado. Os silos de armazenamento de gr\u00e3os da empresa, localizados no Porto do Mucuripe desde a d\u00e9cada de 1950, poder\u00e3o ter a estrutura vertical ampliada com a nova altura do farol. A nova constru\u00e7\u00e3o, tr\u00eas vezes maior que a anterior &#8211; de 22 metros -, \u00e9 equipada com tecnologia francesa e sistema de microprocessamento, automa\u00e7\u00e3o e ainda seguran\u00e7a.\u00a0<\/p>\n<p><strong>Investimentos<\/strong><\/p>\n<p>O prefeito de Fortaleza, Roberto Cl\u00e1udio, esteve presente na solenidade que oficializou a inaugura\u00e7\u00e3o do novo equipamento. De acordo com o chefe do Executivo Municipal, o farol trar\u00e1 investimentos para o Mucuripe. \u201cO principal ponto \u00e9 que agora vai haver um crescimento nessa \u00e1rea. Essa comunidade precisa de desenvolvimento, emprego e renda. Acredito que o farol veio para iluminar o futuro do bairro\u201d, comenta. Al\u00e9m dele, o almirante Leal Ferreira, atual comandante da Marinha do Brasil, tamb\u00e9m esteve na cerim\u00f4nia.<\/p>\n<p>O acendimento, o desligamento e o controle da velocidade de giro ser\u00e3o realizados inteiramente por um sistema informatizado. De acordo com Leonardo Salema, capit\u00e3o dos Portos, a l\u00e2mpada, agora de led, possui uma intensidade equivalente ao dobro da anterior. \u201cIsso facilitar\u00e1 a identifica\u00e7\u00e3o do farol por parte dos navegantes, que v\u00e3o poder seguir um rumo correto e seguro para demandar o Porto de Fortaleza. A estrutura facilita por ser mais relevante e mais f\u00e1cil de ser visualizada\u201d, explica o oficial.\u00a0<\/p>\n<p>A parceria entre o grupo J. Mac\u00eado e a Marinha do Brasil foi fechada em 16 de fevereiro de 2016, e a constru\u00e7\u00e3o do farol levou nove meses para ser conclu\u00edda. Com o novo equipamento, a orla ter\u00e1 acr\u00e9scimo de at\u00e9 30% na capacidade de verticaliza\u00e7\u00e3o. Beneficiando principalmente as pequenas embarca\u00e7\u00f5es, que n\u00e3o contam com sistema de geolocaliza\u00e7\u00e3o, o farol pode ser visto a uma dist\u00e2ncia de 80 quil\u00f4metros durante a noite, e 54 quil\u00f4metros durante o dia.\u00a0<\/p>\n<p>O ciclo de acendimento rotativo \u00e9 o que caracteriza o farol, que tem um lampejo a cada dez segundos. Possid\u00f4nio Filho, presidente da Col\u00f4nia de Pescadores, destacou o investimento como um divisor de \u00e1guas para todos os navegantes. \u201cQuando sa\u00edmos e vamos para longe da praia, o farol \u00e9 a \u00fanica refer\u00eancia que temos na noite. Agora, com esse maior, vai ter mais seguran\u00e7a para o pescador, que est\u00e1 sendo guiado por um equipamento com tudo que h\u00e1 de mais moderno\u201d, salienta.\u00a0<\/p>\n<p>Fonte: Di\u00e1rio do Nordeste<\/p>\n","protected":false},"excerpt":{"rendered":"<p>O novo Farol do Mucuripe foi inaugurado oficialmente ap\u00f3s solenidade realizada pela Marinha do Brasil e Grupo J. Mac\u00eado, respons\u00e1veis pelo projeto. A estrutura impressiona&#8230;<\/p>\n","protected":false},"author":1182,"featured_media":19106,"comment_status":"closed","ping_status":"closed","sticky":false,"template":"","format":"standard","meta":{"footnotes":""},"categories":[6],"tags":[],"class_list":["post-24759","post","type-post","status-publish","format-standard","has-post-thumbnail","hentry","category-noticias"],"_links":{"self":[{"href":"https:\/\/www.sincomam.org.br\/index.php\/wp-json\/wp\/v2\/posts\/24759","targetHints":{"allow":["GET"]}}],"collection":[{"href":"https:\/\/www.sincomam.org.br\/index.php\/wp-json\/wp\/v2\/posts"}],"about":[{"href":"https:\/\/www.sincomam.org.br\/index.php\/wp-json\/wp\/v2\/types\/post"}],"author":[{"embeddable":true,"href":"https:\/\/www.sincomam.org.br\/index.php\/wp-json\/wp\/v2\/users\/1182"}],"replies":[{"embeddable":true,"href":"https:\/\/www.sincomam.org.br\/index.php\/wp-json\/wp\/v2\/comments?post=24759"}],"version-history":[{"count":1,"href":"https:\/\/www.sincomam.org.br\/index.php\/wp-json\/wp\/v2\/posts\/24759\/revisions"}],"predecessor-version":[{"id":24760,"href":"https:\/\/www.sincomam.org.br\/index.php\/wp-json\/wp\/v2\/posts\/24759\/revisions\/24760"}],"wp:featuredmedia":[{"embeddable":true,"href":"https:\/\/www.sincomam.org.br\/index.php\/wp-json\/wp\/v2\/media\/19106"}],"wp:attachment":[{"href":"https:\/\/www.sincomam.org.br\/index.php\/wp-json\/wp\/v2\/media?parent=24759"}],"wp:term":[{"taxonomy":"category","embeddable":true,"href":"https:\/\/www.sincomam.org.br\/index.php\/wp-json\/wp\/v2\/categories?post=24759"},{"taxonomy":"post_tag","embeddable":true,"href":"https:\/\/www.sincomam.org.br\/index.php\/wp-json\/wp\/v2\/tags?post=24759"}],"curies":[{"name":"wp","href":"https:\/\/api.w.org\/{rel}","templated":true}]}}