{"id":24733,"date":"2017-09-19T10:12:13","date_gmt":"2017-09-19T13:12:13","guid":{"rendered":"http:\/\/sincomam.org.br\/?p=24733"},"modified":"2017-09-19T10:12:13","modified_gmt":"2017-09-19T13:12:13","slug":"movimentacao-de-cargas-aumenta-6-no-acumulado-do-ano","status":"publish","type":"post","link":"https:\/\/www.sincomam.org.br\/index.php\/movimentacao-de-cargas-aumenta-6-no-acumulado-do-ano\/","title":{"rendered":"Movimenta\u00e7\u00e3o de cargas aumenta 6% no acumulado do ano"},"content":{"rendered":"<p>A movimenta\u00e7\u00e3o de cargas de janeiro a agosto deste ano passou de 4,3 milh\u00f5es de toneladas, num aumento de 6% em rela\u00e7\u00e3o ao mesmo per\u00edodo de 2016, quando foram movimentadas 4,1 milh\u00f5es de toneladas no Porto de Vit\u00f3ria. Os graneis s\u00f3lidos foram respons\u00e1veis pela alta, que chegou a 30% na compara\u00e7\u00e3o entre os dois per\u00edodos, com destaque para cargas de m\u00e1rmore, granito e ferro gusa. No m\u00eas de agosto passado, os terminais de Vit\u00f3ria receberam 96 navios.<\/p>\n<p>No acumulado deste ano, o resultado tamb\u00e9m \u00e9 positivo, tendo registrado aumento de 3% . Em agosto deste ano, os terminais p\u00fablicos operaram 56,88% do volume de cargas no Porto de Vit\u00f3ria, totalizando 341.329,96 t, representando 56,88% do total movimentado. A arrecada\u00e7\u00e3o tamb\u00e9m acompanhou a alta e contribuiu para um resultado positivo no acumulado do ano: 3% maior que o mesmo per\u00edodo de 2016.<\/p>\n<p>Os resultados poderiam ter sido maiores se n\u00e3o fosse a interdi\u00e7\u00e3o dos ber\u00e7os 201 e 202 no Cais de Capuaba e 203 no Terminal de Vila Velha (TVV), para obra de finaliza\u00e7\u00e3o da dragagem. Com boa parte do m\u00eas sem opera\u00e7\u00e3o nesses terminais caiu o desembarque de soda c\u00e1ustica no primeiro e de cont\u00eaineres no segundo, respectivamente. Mas, com a proximidade de conclus\u00e3o da obra, a expectativa para setembro \u00e9 de retomada do aumento da movimenta\u00e7\u00e3o.<\/p>\n<p>Fonte: Ascom Codesa<\/p>\n<div class=\"jwDisqusForm\"><\/div>\n","protected":false},"excerpt":{"rendered":"<p>A movimenta\u00e7\u00e3o de cargas de janeiro a agosto deste ano passou de 4,3 milh\u00f5es de toneladas, num aumento de 6% em rela\u00e7\u00e3o ao mesmo per\u00edodo&#8230;<\/p>\n","protected":false},"author":1182,"featured_media":19822,"comment_status":"closed","ping_status":"closed","sticky":false,"template":"","format":"standard","meta":{"footnotes":""},"categories":[6],"tags":[],"class_list":["post-24733","post","type-post","status-publish","format-standard","has-post-thumbnail","hentry","category-noticias"],"_links":{"self":[{"href":"https:\/\/www.sincomam.org.br\/index.php\/wp-json\/wp\/v2\/posts\/24733","targetHints":{"allow":["GET"]}}],"collection":[{"href":"https:\/\/www.sincomam.org.br\/index.php\/wp-json\/wp\/v2\/posts"}],"about":[{"href":"https:\/\/www.sincomam.org.br\/index.php\/wp-json\/wp\/v2\/types\/post"}],"author":[{"embeddable":true,"href":"https:\/\/www.sincomam.org.br\/index.php\/wp-json\/wp\/v2\/users\/1182"}],"replies":[{"embeddable":true,"href":"https:\/\/www.sincomam.org.br\/index.php\/wp-json\/wp\/v2\/comments?post=24733"}],"version-history":[{"count":1,"href":"https:\/\/www.sincomam.org.br\/index.php\/wp-json\/wp\/v2\/posts\/24733\/revisions"}],"predecessor-version":[{"id":24734,"href":"https:\/\/www.sincomam.org.br\/index.php\/wp-json\/wp\/v2\/posts\/24733\/revisions\/24734"}],"wp:featuredmedia":[{"embeddable":true,"href":"https:\/\/www.sincomam.org.br\/index.php\/wp-json\/wp\/v2\/media\/19822"}],"wp:attachment":[{"href":"https:\/\/www.sincomam.org.br\/index.php\/wp-json\/wp\/v2\/media?parent=24733"}],"wp:term":[{"taxonomy":"category","embeddable":true,"href":"https:\/\/www.sincomam.org.br\/index.php\/wp-json\/wp\/v2\/categories?post=24733"},{"taxonomy":"post_tag","embeddable":true,"href":"https:\/\/www.sincomam.org.br\/index.php\/wp-json\/wp\/v2\/tags?post=24733"}],"curies":[{"name":"wp","href":"https:\/\/api.w.org\/{rel}","templated":true}]}}