{"id":24729,"date":"2017-09-19T10:10:38","date_gmt":"2017-09-19T13:10:38","guid":{"rendered":"http:\/\/sincomam.org.br\/?p=24729"},"modified":"2017-09-19T10:10:38","modified_gmt":"2017-09-19T13:10:38","slug":"codesp-anuncia-conclusao-da-queima-de-gases-toxicos-em-alto-mar","status":"publish","type":"post","link":"https:\/\/www.sincomam.org.br\/index.php\/codesp-anuncia-conclusao-da-queima-de-gases-toxicos-em-alto-mar\/","title":{"rendered":"Codesp anuncia conclus\u00e3o da queima de gases t\u00f3xicos em alto mar"},"content":{"rendered":"<p>A Companhia Docas do Estado de S\u00e3o Paulo (Codesp)\u00a0 \u00a0anunciou no final da tarde da \u00faltima sexta-feira (15.09), em entrevista coletiva \u00e0 imprensa, a conclus\u00e3o dos trabalhos de queima dos gases contidos nos cilindros que se encontravam armazenados no\u00a0 Porto\u00a0 de Santos.<\/p>\n<p>Coube \u00e0\u00a0 Docas,\u00a0 a contrata\u00e7\u00e3o de empresa\u00a0 Suatrans, especializada no\u00a0 segmento de atendimento a emerg\u00eancias ambientais, o trabalho de\u00a0 queima dos gases contidos nos cilindros e a destina\u00e7\u00e3o final dos res\u00edduos, atendendo com total rigor ao rol de exig\u00eancias previstas pelo Instituo Brasileiro do Meio Ambiente e dos Recursos Naturais Renov\u00e1veis (Ibama), \u00f3rg\u00e3o que tamb\u00e9m exerceu a fiscaliza\u00e7\u00e3o de todo o processo.<\/p>\n<p>O an\u00fancio, de acordo com o pr\u00f3prio Minist\u00e9rio P\u00fablico, foi feito com o prop\u00f3sito de explicar de forma clara e transparente todo o processo desenvolvido no decorrer da opera\u00e7\u00e3o. O superintende Ivam Doutor, da \u00e1rea de meio ambiente da Codesp, informou que a conclus\u00e3o da queima dos gases ocorreu dentro do prazo inicialmente estimado de at\u00e9 30 dias.<\/p>\n<p>O t\u00e9rmino de toda a opera\u00e7\u00e3o, com\u00a0 a descontamina\u00e7\u00e3o de equipamentos, trajes especiais e da balsa que sediou os trabalhos ainda demanda algum tempo, al\u00e9m do posterior descarte do res\u00edduo met\u00e1lico atrav\u00e9s de queima em altos-fornos de empresa sider\u00fargica.<\/p>\n<p>A\u00a0 representante do Ibama, Ana Ang\u00e9lica Alabarce, destacou o ineditismo da opera\u00e7\u00e3o e a experi\u00eancia que se adquiriu ao longo de todo o processo que despertou, inclusive, o interesse da comunidade internacional. \u201cDiariamente, alimentamos com informa\u00e7\u00f5es sobre a queima dos gases diversos pa\u00edses, dentre eles, R\u00fassia e China\u201d, comentou.<\/p>\n<p>O 1\u00ba. Tenente da Marinha do Brasil, Vinicius Schiavon, explicou que a participa\u00e7\u00e3o da Marinha foi imprescind\u00edvel para garantir a seguran\u00e7a da navega\u00e7\u00e3o e a perman\u00eancia das embarca\u00e7\u00f5es em \u00e1guas abertas durante a execu\u00e7\u00e3o do servi\u00e7o.<\/p>\n<p>Concluindo o an\u00fancio, o superintendente da Docas destacou a sinergia entre todos os agentes envolvidos na opera\u00e7\u00e3o e destacou que a empresa, na qualidade de Autoridade Portu\u00e1ria, n\u00e3o mediu esfor\u00e7os para garantir uma solu\u00e7\u00e3o eficiente e\u00a0 segura para eliminar potenciais riscos durante todo o processo.<\/p>\n<p>Fonte: Ascom Codesp<\/p>\n<div class=\"jwDisqusForm\"><\/div>\n","protected":false},"excerpt":{"rendered":"<p>A Companhia Docas do Estado de S\u00e3o Paulo (Codesp)\u00a0 \u00a0anunciou no final da tarde da \u00faltima sexta-feira (15.09), em entrevista coletiva \u00e0 imprensa, a conclus\u00e3o&#8230;<\/p>\n","protected":false},"author":1182,"featured_media":18377,"comment_status":"closed","ping_status":"closed","sticky":false,"template":"","format":"standard","meta":{"footnotes":""},"categories":[6],"tags":[],"class_list":["post-24729","post","type-post","status-publish","format-standard","has-post-thumbnail","hentry","category-noticias"],"_links":{"self":[{"href":"https:\/\/www.sincomam.org.br\/index.php\/wp-json\/wp\/v2\/posts\/24729","targetHints":{"allow":["GET"]}}],"collection":[{"href":"https:\/\/www.sincomam.org.br\/index.php\/wp-json\/wp\/v2\/posts"}],"about":[{"href":"https:\/\/www.sincomam.org.br\/index.php\/wp-json\/wp\/v2\/types\/post"}],"author":[{"embeddable":true,"href":"https:\/\/www.sincomam.org.br\/index.php\/wp-json\/wp\/v2\/users\/1182"}],"replies":[{"embeddable":true,"href":"https:\/\/www.sincomam.org.br\/index.php\/wp-json\/wp\/v2\/comments?post=24729"}],"version-history":[{"count":1,"href":"https:\/\/www.sincomam.org.br\/index.php\/wp-json\/wp\/v2\/posts\/24729\/revisions"}],"predecessor-version":[{"id":24730,"href":"https:\/\/www.sincomam.org.br\/index.php\/wp-json\/wp\/v2\/posts\/24729\/revisions\/24730"}],"wp:featuredmedia":[{"embeddable":true,"href":"https:\/\/www.sincomam.org.br\/index.php\/wp-json\/wp\/v2\/media\/18377"}],"wp:attachment":[{"href":"https:\/\/www.sincomam.org.br\/index.php\/wp-json\/wp\/v2\/media?parent=24729"}],"wp:term":[{"taxonomy":"category","embeddable":true,"href":"https:\/\/www.sincomam.org.br\/index.php\/wp-json\/wp\/v2\/categories?post=24729"},{"taxonomy":"post_tag","embeddable":true,"href":"https:\/\/www.sincomam.org.br\/index.php\/wp-json\/wp\/v2\/tags?post=24729"}],"curies":[{"name":"wp","href":"https:\/\/api.w.org\/{rel}","templated":true}]}}