{"id":24726,"date":"2017-09-18T09:25:10","date_gmt":"2017-09-18T12:25:10","guid":{"rendered":"http:\/\/www.sincomam.org.br\/?p=24726"},"modified":"2017-09-18T09:31:51","modified_gmt":"2017-09-18T12:31:51","slug":"governo-do-ceara-participa-na-china-de-eventos-com-investidores-asiaticos","status":"publish","type":"post","link":"https:\/\/www.sincomam.org.br\/index.php\/governo-do-ceara-participa-na-china-de-eventos-com-investidores-asiaticos\/","title":{"rendered":"Governo do Cear\u00e1 participa na China de eventos com investidores asi\u00e1ticos"},"content":{"rendered":"<p>O Governo do Cear\u00e1 participa de uma s\u00e9rie de eventos com investidores no continente asi\u00e1tico. Na \u00faltima sexta-feira, o governador Camilo Santana viajou para a China para participar de uma reuni\u00e3o com o banco de desenvolvimento chin\u00eas para a assinatura de compromisso financeiro para o investimento de constru\u00e7\u00e3o da refinaria, no Complexo Industrial e Portu\u00e1rio do Pec\u00e9m ( CIPP).<\/p>\n<p>Para apresentar as potencialidades do CIPP aos investidores asi\u00e1ticos, a Secretaria do Desenvolvimento Econ\u00f4mico (SDE) e a Cear\u00e1portos j\u00e1 est\u00e3o participando da Miss\u00e3o \u00c1sia \u2013 Investimentos em Portos Brasileiros, a convite da Ag\u00eancia Brasileira de Promo\u00e7\u00e3o de Exporta\u00e7\u00f5es e Investimentos (Apex-Brasil), do Governo Federal, na China (Xangai e Hong Kong) e em Singapura, de 12 a 19 de setembro. J\u00e1 a A Zona de Processamento de Exporta\u00e7\u00e3o do Cear\u00e1 (ZPE-CE) participa tamb\u00e9m da Feira Internacional de Investimento e Com\u00e9rcio da China (CIFIT), que acontece de 18 a 21 de setembro, em Xiamen, tamb\u00e9m na China.<\/p>\n<p>O titular da SDE, Cesar Ribeiro, e o presidente da Cear\u00e1portos, Danilo Serpa, apresentam o Cear\u00e1 e o Porto do Pec\u00e9m aos investidores asi\u00e1ticos. O objetivo da miss\u00e3o da Apex Brasil \u00e9 promover oportunidades de investimentos em portos brasileiros, especificamente atra\u00e7\u00e3o de recursos para projetos e apresentar a empresas asi\u00e1ticas alguns portos brasileiros. Al\u00e9m do Porto do Pec\u00e9m, participam da miss\u00e3o o Porto do Itaqui (MA), Porto do A\u00e7u (RJ), Porto Central (ES), Porto de Bel\u00e9m (PA), Porto de Paranagu\u00e1 (PR), Porto de Santana (AP) e Porto de Santos (SP) e Porto de S\u00e3o Sebasti\u00e3o(SP). Apenas dois desses portos brasileiros foram convidados a apresentar individualmente suas potencialidades e participar de reuni\u00f5es privativas com empresas locais, entre eles o do Pec\u00e9m.<\/p>\n<p>Al\u00e9m de semin\u00e1rio, o evento contempla reuni\u00f5es de neg\u00f3cios e visitas a portos de refer\u00eancia. O secret\u00e1rio do Desenvolvimento Econ\u00f4mico, Cesar Ribeiro, destaca que essas apresenta\u00e7\u00f5es individuais a investidores asi\u00e1ticos demonstram a import\u00e2ncia do CIPP. Segundo ele, s\u00f3 em Xangai, onde acontece a primeira rodada, sete reuni\u00f5es est\u00e3o agendadas com investidores querendo saber sobre a opera\u00e7\u00e3o do Porto do Pec\u00e9m.<\/p>\n<p>Para Danilo Serpa, presidente da Cear\u00e1portos, a participa\u00e7\u00e3o na miss\u00e3o \u00e9 estrat\u00e9gica para novos neg\u00f3cios. &#8220;O CIPP possui diferencias e potencialidades, como a primeira freezone (ZPE) do Brasil em opera\u00e7\u00e3o, que podem proporcionar grandes neg\u00f3cios ao mercado asi\u00e1tico. A oportunidade de apresentar pessoalmente tudo isso aos investidores faz toda a diferen\u00e7a\u201d, pontua.<\/p>\n<p>Ap\u00f3s a miss\u00e3o da Apex, os gestores se dividem de forma estrat\u00e9gica em atividades importantes para a economia do estado. O titular da SDE se junta \u00e0 comitiva do governador Camilo Santana em viagem \u00e0 China, enquanto o presidente da Cear\u00e1portos apresenta o Porto do Pec\u00e9m em uma feira mundial sobre ZPEs.<\/p>\n<p>Fonte: Governo do Cear\u00e1<\/p>\n","protected":false},"excerpt":{"rendered":"<p>O Governo do Cear\u00e1 participa de uma s\u00e9rie de eventos com investidores no continente asi\u00e1tico. Na \u00faltima sexta-feira, o governador Camilo Santana viajou para a&#8230;<\/p>\n","protected":false},"author":1182,"featured_media":19265,"comment_status":"closed","ping_status":"closed","sticky":false,"template":"","format":"standard","meta":{"footnotes":""},"categories":[6],"tags":[],"class_list":["post-24726","post","type-post","status-publish","format-standard","has-post-thumbnail","hentry","category-noticias"],"_links":{"self":[{"href":"https:\/\/www.sincomam.org.br\/index.php\/wp-json\/wp\/v2\/posts\/24726","targetHints":{"allow":["GET"]}}],"collection":[{"href":"https:\/\/www.sincomam.org.br\/index.php\/wp-json\/wp\/v2\/posts"}],"about":[{"href":"https:\/\/www.sincomam.org.br\/index.php\/wp-json\/wp\/v2\/types\/post"}],"author":[{"embeddable":true,"href":"https:\/\/www.sincomam.org.br\/index.php\/wp-json\/wp\/v2\/users\/1182"}],"replies":[{"embeddable":true,"href":"https:\/\/www.sincomam.org.br\/index.php\/wp-json\/wp\/v2\/comments?post=24726"}],"version-history":[{"count":1,"href":"https:\/\/www.sincomam.org.br\/index.php\/wp-json\/wp\/v2\/posts\/24726\/revisions"}],"predecessor-version":[{"id":24727,"href":"https:\/\/www.sincomam.org.br\/index.php\/wp-json\/wp\/v2\/posts\/24726\/revisions\/24727"}],"wp:featuredmedia":[{"embeddable":true,"href":"https:\/\/www.sincomam.org.br\/index.php\/wp-json\/wp\/v2\/media\/19265"}],"wp:attachment":[{"href":"https:\/\/www.sincomam.org.br\/index.php\/wp-json\/wp\/v2\/media?parent=24726"}],"wp:term":[{"taxonomy":"category","embeddable":true,"href":"https:\/\/www.sincomam.org.br\/index.php\/wp-json\/wp\/v2\/categories?post=24726"},{"taxonomy":"post_tag","embeddable":true,"href":"https:\/\/www.sincomam.org.br\/index.php\/wp-json\/wp\/v2\/tags?post=24726"}],"curies":[{"name":"wp","href":"https:\/\/api.w.org\/{rel}","templated":true}]}}