{"id":24724,"date":"2017-09-18T09:30:31","date_gmt":"2017-09-18T12:30:31","guid":{"rendered":"http:\/\/www.sincomam.org.br\/?p=24724"},"modified":"2017-09-18T09:30:31","modified_gmt":"2017-09-18T12:30:31","slug":"governo-recebe-proposta-para-privatizar-dragagem","status":"publish","type":"post","link":"https:\/\/www.sincomam.org.br\/index.php\/governo-recebe-proposta-para-privatizar-dragagem\/","title":{"rendered":"Governo recebe proposta para privatizar dragagem"},"content":{"rendered":"<p>O futuro e formato de execu\u00e7\u00e3o da dragagem do Porto de Santos entram em discuss\u00e3o em Bras\u00edlia. Al\u00e9m de ser um dos temas da 15\u00aa edi\u00e7\u00e3o do Santos Export, entidades ligadas \u00e0 atividade portu\u00e1ria em Santos devem entregar a proposta de privatiza\u00e7\u00e3o do servi\u00e7o para o Governo Federal.<\/p>\n<p>O grupo, formado por dez entidades portu\u00e1rias, quer a cria\u00e7\u00e3o de um cons\u00f3rcio formado por arrendat\u00e1rios, operadores portu\u00e1rios, terminais privados e, possivelmente, a Companhia Docas do Estado de S\u00e3o Paulo (Codesp).\u00a0<\/p>\n<p>A nova empresa, que poderia ser uma Sociedade de Prop\u00f3sito Espec\u00edfico (SPE), sem fins lucrativos, ter\u00e1 como \u00fanico objetivo garantir a dragagem do Porto de Santos e, como remunera\u00e7\u00e3o, receberia parte da tarifa destinada \u00e0 manuten\u00e7\u00e3o das profundidades do cais santista.<\/p>\n<p>A proposta ser\u00e1 entregue durante a primeira reuni\u00e3o em Bras\u00edlia do grupo de trabalho interministerial criado para discutir o tema.<\/p>\n<p>A ideia surgiu da insatisfa\u00e7\u00e3o dos usu\u00e1rios do Porto de Santos que, com os recentes problemas envolvendo a manuten\u00e7\u00e3o da profundidade do canal de navega\u00e7\u00e3o, trazendo preju\u00edzos ao setor, afirmam que o poder p\u00fablico n\u00e3o teria capacidade para fazer a gest\u00e3o desses servi\u00e7os.<\/p>\n<p><strong>F\u00f3rum<\/strong><\/p>\n<p>Al\u00e9m de promover um novo modelo de dragagem, o Santos Export &#8211; F\u00f3rum Internacional para a Expans\u00e3o do Porto de Santos, que acontece nos dias 11 e 12 de setembro, tamb\u00e9m ter\u00e1 em sua programa\u00e7\u00e3o pain\u00e9is sobre os acessos terrestres ao complexo portu\u00e1rio e as novas tecnologias nas opera\u00e7\u00f5es do cais santista.<\/p>\n<p>O evento, organizado pelo Grupo Tribuna e pela Una Marketing de Eventos e que est\u00e1 em sua 15\u00aa edi\u00e7\u00e3o, tamb\u00e9m deve dar um panorama sobre investimentos log\u00edsticos, infraestrutura e o papel do Porto de Santos. Al\u00e9m disso discutir\u00e1 a import\u00e2ncia do cais santista para a retomada do crescimento econ\u00f4mico do Pa\u00eds.<\/p>\n<p>Fonte: A Tribuna<\/p>\n","protected":false},"excerpt":{"rendered":"<p>O futuro e formato de execu\u00e7\u00e3o da dragagem do Porto de Santos entram em discuss\u00e3o em Bras\u00edlia. Al\u00e9m de ser um dos temas da 15\u00aa&#8230;<\/p>\n","protected":false},"author":1182,"featured_media":18019,"comment_status":"closed","ping_status":"closed","sticky":false,"template":"","format":"standard","meta":{"footnotes":""},"categories":[6],"tags":[],"class_list":["post-24724","post","type-post","status-publish","format-standard","has-post-thumbnail","hentry","category-noticias"],"_links":{"self":[{"href":"https:\/\/www.sincomam.org.br\/index.php\/wp-json\/wp\/v2\/posts\/24724","targetHints":{"allow":["GET"]}}],"collection":[{"href":"https:\/\/www.sincomam.org.br\/index.php\/wp-json\/wp\/v2\/posts"}],"about":[{"href":"https:\/\/www.sincomam.org.br\/index.php\/wp-json\/wp\/v2\/types\/post"}],"author":[{"embeddable":true,"href":"https:\/\/www.sincomam.org.br\/index.php\/wp-json\/wp\/v2\/users\/1182"}],"replies":[{"embeddable":true,"href":"https:\/\/www.sincomam.org.br\/index.php\/wp-json\/wp\/v2\/comments?post=24724"}],"version-history":[{"count":1,"href":"https:\/\/www.sincomam.org.br\/index.php\/wp-json\/wp\/v2\/posts\/24724\/revisions"}],"predecessor-version":[{"id":24725,"href":"https:\/\/www.sincomam.org.br\/index.php\/wp-json\/wp\/v2\/posts\/24724\/revisions\/24725"}],"wp:featuredmedia":[{"embeddable":true,"href":"https:\/\/www.sincomam.org.br\/index.php\/wp-json\/wp\/v2\/media\/18019"}],"wp:attachment":[{"href":"https:\/\/www.sincomam.org.br\/index.php\/wp-json\/wp\/v2\/media?parent=24724"}],"wp:term":[{"taxonomy":"category","embeddable":true,"href":"https:\/\/www.sincomam.org.br\/index.php\/wp-json\/wp\/v2\/categories?post=24724"},{"taxonomy":"post_tag","embeddable":true,"href":"https:\/\/www.sincomam.org.br\/index.php\/wp-json\/wp\/v2\/tags?post=24724"}],"curies":[{"name":"wp","href":"https:\/\/api.w.org\/{rel}","templated":true}]}}