{"id":24677,"date":"2017-09-14T00:15:31","date_gmt":"2017-09-14T03:15:31","guid":{"rendered":"http:\/\/www.sincomam.org.br\/?p=24677"},"modified":"2017-09-04T09:16:59","modified_gmt":"2017-09-04T12:16:59","slug":"importacao-de-equipamentos-e-maquinas-cresce-pela-primeira-vez-em-um-ano","status":"publish","type":"post","link":"https:\/\/www.sincomam.org.br\/index.php\/importacao-de-equipamentos-e-maquinas-cresce-pela-primeira-vez-em-um-ano\/","title":{"rendered":"Importa\u00e7\u00e3o de equipamentos e m\u00e1quinas cresce pela primeira vez em um ano"},"content":{"rendered":"<p>Pela primeira vez desde junho de 2016, houve crescimento de 6,6% nas importa\u00e7\u00f5es de bens de capital (m\u00e1quinas e equipamentos) em agosto ante mesmo per\u00edodo do ano passado, um movimento que pode estar ligado \u00e0 recupera\u00e7\u00e3o dos investimentos por parte da ind\u00fastria.<\/p>\n<p>Essa alta foi puxada pelas compras de equipamentos de transporte industrial do exterior, que subiram 91,2% na compara\u00e7\u00e3o com mesmo m\u00eas de 2016, com destaque para as importa\u00e7\u00f5es de ve\u00edculos de carga.<\/p>\n<p>&#8220;Ainda \u00e9 prematuro falar em recupera\u00e7\u00e3o, mas \u00e9 uma boa not\u00edcia. Lembrando que essa alta de junho de 2016 foi pontual. A \u00faltima vez que bens de capital tiveram alta por dois meses seguidos foi entre dezembro de 2013 e janeiro de 2014&#8221;, afirmou Herlon Brand\u00e3o, diretor do Departamento de Estat\u00edstica e Apoio \u00e0 Exporta\u00e7\u00e3o do Mdic (Minist\u00e9rio da Ind\u00fastria, Com\u00e9rcio Exterior e Servi\u00e7os).<\/p>\n<p>No acumulado do ano, as importa\u00e7\u00f5es de bens de capital ainda est\u00e3o em queda, com um recuo de 23,4% na compara\u00e7\u00e3o com o mesmo per\u00edodo de 2016.<\/p>\n<p><strong>TEND\u00caNCIA<\/strong><\/p>\n<p>A expectativa da pasta, segundo ele, \u00e9 que nos pr\u00f3ximos meses os saldos comerciais passem a ser um pouco menores, j\u00e1 que sazonalmente o segundo semestre \u00e9 mais fraco.<\/p>\n<p>&#8220;Os saldos devem ser menores, mas ainda em trajet\u00f3ria positiva, com poss\u00edveis recordes&#8221;, afirmou Brand\u00e3o. &#8220;A soja costuma perder for\u00e7a, mas passa a haver crescimento dos embarques de milho&#8221;, completou.<\/p>\n<p>Somente nos dados at\u00e9 agosto, o superavit da balan\u00e7a comercial j\u00e1 \u00e9 maior que o resultado positivo registrado em todo o ano de 2016.<\/p>\n<p>Dados divulgados nesta sexta-feira (1\u00ba) pelo Mdic mostram que nos primeiros oito meses do ano o saldo entre exporta\u00e7\u00f5es e importa\u00e7\u00f5es foi positivo em US$ 48,1 bilh\u00f5es, o maior da s\u00e9rie hist\u00f3ria, iniciada em 1989.<\/p>\n<p>No ano passado inteiro, o superavit foi de US$ 47,7 bilh\u00f5es.<\/p>\n<p>Somente no m\u00eas passado, o saldo foi positivo em US$ 5,6 bilh\u00f5es, tamb\u00e9m o maior superavit para agosto da s\u00e9rie hist\u00f3rica. Em agosto de 2016, o superavit foi de US$ 4,1 bilh\u00f5es.<\/p>\n<p>A expectativa do Mdic \u00e9 que a balan\u00e7a comercial encerre o ano positiva em mais de de US$ 60 bilh\u00f5es.<\/p>\n<p>As exporta\u00e7\u00f5es totalizaram at\u00e9 agora US$ 145,9 bilh\u00f5es, um crescimento de 18,1% na compara\u00e7\u00e3o com os primeiros oito meses do ano passado.<\/p>\n<p>J\u00e1 as importa\u00e7\u00f5es somaram US$ 97,8 bilh\u00f5es, alta de 7,3% na mesma compara\u00e7\u00e3o.\u00a0<\/p>\n<p>Fonte: Folha SP<\/p>\n","protected":false},"excerpt":{"rendered":"<p>Pela primeira vez desde junho de 2016, houve crescimento de 6,6% nas importa\u00e7\u00f5es de bens de capital (m\u00e1quinas e equipamentos) em agosto ante mesmo per\u00edodo&#8230;<\/p>\n","protected":false},"author":1182,"featured_media":20495,"comment_status":"closed","ping_status":"closed","sticky":false,"template":"","format":"standard","meta":{"footnotes":""},"categories":[6],"tags":[],"class_list":["post-24677","post","type-post","status-publish","format-standard","has-post-thumbnail","hentry","category-noticias"],"_links":{"self":[{"href":"https:\/\/www.sincomam.org.br\/index.php\/wp-json\/wp\/v2\/posts\/24677","targetHints":{"allow":["GET"]}}],"collection":[{"href":"https:\/\/www.sincomam.org.br\/index.php\/wp-json\/wp\/v2\/posts"}],"about":[{"href":"https:\/\/www.sincomam.org.br\/index.php\/wp-json\/wp\/v2\/types\/post"}],"author":[{"embeddable":true,"href":"https:\/\/www.sincomam.org.br\/index.php\/wp-json\/wp\/v2\/users\/1182"}],"replies":[{"embeddable":true,"href":"https:\/\/www.sincomam.org.br\/index.php\/wp-json\/wp\/v2\/comments?post=24677"}],"version-history":[{"count":1,"href":"https:\/\/www.sincomam.org.br\/index.php\/wp-json\/wp\/v2\/posts\/24677\/revisions"}],"predecessor-version":[{"id":24678,"href":"https:\/\/www.sincomam.org.br\/index.php\/wp-json\/wp\/v2\/posts\/24677\/revisions\/24678"}],"wp:featuredmedia":[{"embeddable":true,"href":"https:\/\/www.sincomam.org.br\/index.php\/wp-json\/wp\/v2\/media\/20495"}],"wp:attachment":[{"href":"https:\/\/www.sincomam.org.br\/index.php\/wp-json\/wp\/v2\/media?parent=24677"}],"wp:term":[{"taxonomy":"category","embeddable":true,"href":"https:\/\/www.sincomam.org.br\/index.php\/wp-json\/wp\/v2\/categories?post=24677"},{"taxonomy":"post_tag","embeddable":true,"href":"https:\/\/www.sincomam.org.br\/index.php\/wp-json\/wp\/v2\/tags?post=24677"}],"curies":[{"name":"wp","href":"https:\/\/api.w.org\/{rel}","templated":true}]}}