{"id":24668,"date":"2017-09-13T00:08:13","date_gmt":"2017-09-13T03:08:13","guid":{"rendered":"http:\/\/www.sincomam.org.br\/?p=24668"},"modified":"2017-09-04T09:09:21","modified_gmt":"2017-09-04T12:09:21","slug":"importacao-tem-maior-fatia-no-mercado-domestico-de-quimicos-em-28-anos","status":"publish","type":"post","link":"https:\/\/www.sincomam.org.br\/index.php\/importacao-tem-maior-fatia-no-mercado-domestico-de-quimicos-em-28-anos\/","title":{"rendered":"Importa\u00e7\u00e3o tem maior fatia no mercado dom\u00e9stico de qu\u00edmicos em 28 anos"},"content":{"rendered":"<p>A participa\u00e7\u00e3o das importa\u00e7\u00f5es na demanda dom\u00e9stica de produtos qu\u00edmicos de uso industrial chegou a 38,3% nos sete primeiros meses do ano, um recorde em 28 anos de an\u00e1lise, de acordo com dados preliminares divulgados pela Associa\u00e7\u00e3o Brasileira da Ind\u00fastria Qu\u00edmica (Abiquim).<\/p>\n<p>Ao mesmo tempo, a utiliza\u00e7\u00e3o da capacidade instalada foi de 78%, um ponto percentual abaixo do verificado no mesmo per\u00edodo no ano passado.<\/p>\n<p>No intervalo, as importa\u00e7\u00f5es dos produtos amostrados no Relat\u00f3rio de Acompanhamento Conjuntural (RAC) da Abiquim, todos com produ\u00e7\u00e3o local, subiram 33,6%, enquanto a demanda dom\u00e9stica, medida pelo consumo aparente nacional (CAN), cresceu 9%. As exporta\u00e7\u00f5es, por sua vez, recuaram 0,7%.<\/p>\n<p>Em nota, o presidente-executivo da Abiquim, Fernando Figueiredo, afirma que os dados comprovam que a recupera\u00e7\u00e3o do setor est\u00e1 se traduzindo em volta do crescimento das importa\u00e7\u00f5es. \u201cA ind\u00fastria precisa de condi\u00e7\u00f5es para crescer junto. Um pa\u00eds rico em petr\u00f3leo e g\u00e1s e com a maior biodiversidade do mundo n\u00e3o pode ter as mat\u00e9rias-primas e energia mais caras do mundo. Temos demanda dom\u00e9stica que \u00e9 atendida por importa\u00e7\u00f5es, levando riqueza e emprego para outros pa\u00edses\u201d, diz.<\/p>\n<p>Especificamente em julho, na compara\u00e7\u00e3o com o m\u00eas imediatamente anterior, houve alta de 10,04% na produ\u00e7\u00e3o de qu\u00edmicos no pa\u00eds. Na mesma compara\u00e7\u00e3o, as vendas internas tiveram alta de 4,20% e o \u00edndice de utiliza\u00e7\u00e3o da capacidade instalada subiu quatro pontos percentuais, para 78%.<\/p>\n<p>Conforme a Abiquim, a melhora deve-se principalmente \u00e0 fraca base de compara\u00e7\u00e3o, por causa de paradas programadas para manuten\u00e7\u00e3o e \u201cproblemas operacionais isolados\u201d, al\u00e9m do mercado retra\u00eddo. No m\u00eas passado, as importa\u00e7\u00f5es cresceram 11,4% e as vendas destinadas ao mercado externo tiveram recuo de 2%.<\/p>\n<p>Segundo a diretora de Economia e Estat\u00edstica da Abiquim, F\u00e1tima Giovanna Coviello Ferreira, o aumento da participa\u00e7\u00e3o dos importados \u00e9 puxado principalmente por produtos destinados ao agroneg\u00f3cio. Uma das principais preocupa\u00e7\u00f5es da ind\u00fastria, diz a diretora, est\u00e1 relacionada \u00e0 eleva\u00e7\u00e3o das importa\u00e7\u00f5es indiretas de produtos qu\u00edmicos, \u201ccontidos na importa\u00e7\u00e3o de bens acabados, o que pode levar \u00e0 desestrutura\u00e7\u00e3o do setor qu\u00edmico no pa\u00eds&#8221; e ao fechamento de f\u00e1bricas, &#8220;pela intensifica\u00e7\u00e3o da falta de competitividade\u201d.<\/p>\n<p>Fonte: Valor<\/p>\n","protected":false},"excerpt":{"rendered":"<p>A participa\u00e7\u00e3o das importa\u00e7\u00f5es na demanda dom\u00e9stica de produtos qu\u00edmicos de uso industrial chegou a 38,3% nos sete primeiros meses do ano, um recorde em&#8230;<\/p>\n","protected":false},"author":1182,"featured_media":17831,"comment_status":"closed","ping_status":"closed","sticky":false,"template":"","format":"standard","meta":{"footnotes":""},"categories":[6],"tags":[],"class_list":["post-24668","post","type-post","status-publish","format-standard","has-post-thumbnail","hentry","category-noticias"],"_links":{"self":[{"href":"https:\/\/www.sincomam.org.br\/index.php\/wp-json\/wp\/v2\/posts\/24668","targetHints":{"allow":["GET"]}}],"collection":[{"href":"https:\/\/www.sincomam.org.br\/index.php\/wp-json\/wp\/v2\/posts"}],"about":[{"href":"https:\/\/www.sincomam.org.br\/index.php\/wp-json\/wp\/v2\/types\/post"}],"author":[{"embeddable":true,"href":"https:\/\/www.sincomam.org.br\/index.php\/wp-json\/wp\/v2\/users\/1182"}],"replies":[{"embeddable":true,"href":"https:\/\/www.sincomam.org.br\/index.php\/wp-json\/wp\/v2\/comments?post=24668"}],"version-history":[{"count":1,"href":"https:\/\/www.sincomam.org.br\/index.php\/wp-json\/wp\/v2\/posts\/24668\/revisions"}],"predecessor-version":[{"id":24669,"href":"https:\/\/www.sincomam.org.br\/index.php\/wp-json\/wp\/v2\/posts\/24668\/revisions\/24669"}],"wp:featuredmedia":[{"embeddable":true,"href":"https:\/\/www.sincomam.org.br\/index.php\/wp-json\/wp\/v2\/media\/17831"}],"wp:attachment":[{"href":"https:\/\/www.sincomam.org.br\/index.php\/wp-json\/wp\/v2\/media?parent=24668"}],"wp:term":[{"taxonomy":"category","embeddable":true,"href":"https:\/\/www.sincomam.org.br\/index.php\/wp-json\/wp\/v2\/categories?post=24668"},{"taxonomy":"post_tag","embeddable":true,"href":"https:\/\/www.sincomam.org.br\/index.php\/wp-json\/wp\/v2\/tags?post=24668"}],"curies":[{"name":"wp","href":"https:\/\/api.w.org\/{rel}","templated":true}]}}