{"id":24666,"date":"2017-09-13T00:00:06","date_gmt":"2017-09-13T03:00:06","guid":{"rendered":"http:\/\/www.sincomam.org.br\/?p=24666"},"modified":"2017-09-04T09:08:06","modified_gmt":"2017-09-04T12:08:06","slug":"brasil-tem-37-medidas-antidumping-contra-contra-a-china","status":"publish","type":"post","link":"https:\/\/www.sincomam.org.br\/index.php\/brasil-tem-37-medidas-antidumping-contra-contra-a-china\/","title":{"rendered":"Brasil tem 37 medidas antidumping contra contra a China"},"content":{"rendered":"<p>Por tr\u00e1s dos bilion\u00e1rios n\u00fameros do com\u00e9rcio bilateral, h\u00e1 tens\u00e3o gerada pela imposi\u00e7\u00e3o de medidas antidumping pelo Brasil contra a China e de a\u00e7\u00f5es na m\u00e3o contr\u00e1ria que atingem os dois principais produtos da pauta de exporta\u00e7\u00f5es agr\u00edcolas depois da soja: frango e a\u00e7\u00facar.<\/p>\n<p>O Brasil tem 37 medidas antidumping contra a China em vigor. A mais recente delas foi aplicada em meados do ano e atingiu produtos de a\u00e7o do pa\u00eds asi\u00e1tico.<\/p>\n<p>Duas semanas antes da visita do presidente Michel Temer, Pequim anunciou investiga\u00e7\u00e3o sobre o setor de produ\u00e7\u00e3o de frango do Brasil, que pode levar \u00e0 imposi\u00e7\u00e3o de sobretaxa no prazo de seis meses. Em maio, a China imp\u00f4s salvaguardas \u00e0 importa\u00e7\u00e3o de a\u00e7\u00facar, o que limitou o acesso do produto nacional a seu maior mercado externo.\u00a0<\/p>\n<p>De acordo com Marcos Jank, da Asia Brasil Agro Alliance, o Brasil foi o \u00fanico pa\u00eds atingido pela medida, apesar de ela ter car\u00e1ter universal. Isso ocorreu porque o Pa\u00eds exportava al\u00e9m da quota definida pelos chineses, sobre a qual a tarifa \u00e9 de 15%. O excedente, que era taxado em 50%, passou a estar sujeito a uma al\u00edquota de 95%.<\/p>\n<p>A proje\u00e7\u00e3o da Unica, entidade que representa a ind\u00fastria da cana-de-a\u00e7\u00facar, \u00e9 que os embarques caiam para 2,2 milh\u00f5es de toneladas neste ano. Antes das salvaguardas, a expectativa era de exporta\u00e7\u00e3o de 3 milh\u00f5es de toneladas.<\/p>\n<p>O assunto n\u00e3o est\u00e1 no centro da agenda de Temer na China, mas poder\u00e1 ser abordado pelo presidente no encontro com o primeiro-ministro Li Keqiang, marcado para as 16 horas de hoje (5 horas no Brasil).<\/p>\n<p>Fonte: Estad\u00e3o<\/p>\n","protected":false},"excerpt":{"rendered":"<p>Por tr\u00e1s dos bilion\u00e1rios n\u00fameros do com\u00e9rcio bilateral, h\u00e1 tens\u00e3o gerada pela imposi\u00e7\u00e3o de medidas antidumping pelo Brasil contra a China e de a\u00e7\u00f5es na&#8230;<\/p>\n","protected":false},"author":1182,"featured_media":18495,"comment_status":"closed","ping_status":"closed","sticky":false,"template":"","format":"standard","meta":{"footnotes":""},"categories":[6],"tags":[],"class_list":["post-24666","post","type-post","status-publish","format-standard","has-post-thumbnail","hentry","category-noticias"],"_links":{"self":[{"href":"https:\/\/www.sincomam.org.br\/index.php\/wp-json\/wp\/v2\/posts\/24666","targetHints":{"allow":["GET"]}}],"collection":[{"href":"https:\/\/www.sincomam.org.br\/index.php\/wp-json\/wp\/v2\/posts"}],"about":[{"href":"https:\/\/www.sincomam.org.br\/index.php\/wp-json\/wp\/v2\/types\/post"}],"author":[{"embeddable":true,"href":"https:\/\/www.sincomam.org.br\/index.php\/wp-json\/wp\/v2\/users\/1182"}],"replies":[{"embeddable":true,"href":"https:\/\/www.sincomam.org.br\/index.php\/wp-json\/wp\/v2\/comments?post=24666"}],"version-history":[{"count":1,"href":"https:\/\/www.sincomam.org.br\/index.php\/wp-json\/wp\/v2\/posts\/24666\/revisions"}],"predecessor-version":[{"id":24667,"href":"https:\/\/www.sincomam.org.br\/index.php\/wp-json\/wp\/v2\/posts\/24666\/revisions\/24667"}],"wp:featuredmedia":[{"embeddable":true,"href":"https:\/\/www.sincomam.org.br\/index.php\/wp-json\/wp\/v2\/media\/18495"}],"wp:attachment":[{"href":"https:\/\/www.sincomam.org.br\/index.php\/wp-json\/wp\/v2\/media?parent=24666"}],"wp:term":[{"taxonomy":"category","embeddable":true,"href":"https:\/\/www.sincomam.org.br\/index.php\/wp-json\/wp\/v2\/categories?post=24666"},{"taxonomy":"post_tag","embeddable":true,"href":"https:\/\/www.sincomam.org.br\/index.php\/wp-json\/wp\/v2\/tags?post=24666"}],"curies":[{"name":"wp","href":"https:\/\/api.w.org\/{rel}","templated":true}]}}