{"id":24650,"date":"2017-09-12T00:00:27","date_gmt":"2017-09-12T03:00:27","guid":{"rendered":"http:\/\/www.sincomam.org.br\/?p=24650"},"modified":"2017-09-04T08:35:51","modified_gmt":"2017-09-04T11:35:51","slug":"sindicato-denuncia-demissao-em-massa-em-estaleiro-de-pernambuco","status":"publish","type":"post","link":"https:\/\/www.sincomam.org.br\/index.php\/sindicato-denuncia-demissao-em-massa-em-estaleiro-de-pernambuco\/","title":{"rendered":"Sindicato denuncia demiss\u00e3o em massa em estaleiro de Pernambuco"},"content":{"rendered":"<p>O Sindicato dos Metal\u00fargicos de Pernambuco denuncia a demiss\u00e3o em massa de 98 trabalhadores do estaleiro VardPromar. Segundo o presidente da entidade, Henrique Gomes, o n\u00famero de demiss\u00f5es na semana chegou a 238.<\/p>\n<p>Na pr\u00f3xima semana, os trabalhadores realizar\u00e3o um ato em protesto contra o grande n\u00famero de dispensas. Ainda n\u00e3o h\u00e1 data definida. &#8220;Toda semana, agora, mais de cem trabalhadores s\u00e3o dispensados. S\u00f3 os pernambucanos est\u00e3o sendo demitidos. Queremos que a empresa valorize os trabalhadores da regi\u00e3o&#8221;, diz Henrique Gomes.<\/p>\n<p>Ainda segundo Gomes, o sindicato vem denunciando as pr\u00e1ticas ao Minist\u00e9rio P\u00fablico do Trabalho e Emprego e orienta que os trabalhadores fa\u00e7am o mesmo.<\/p>\n<p>O JC procurou o Vard Promar, mas n\u00e3o obteve posicionamento sobre o assunto.<\/p>\n<p>Fonte: JC Online<\/p>\n","protected":false},"excerpt":{"rendered":"<p>O Sindicato dos Metal\u00fargicos de Pernambuco denuncia a demiss\u00e3o em massa de 98 trabalhadores do estaleiro VardPromar. Segundo o presidente da entidade, Henrique Gomes, o&#8230;<\/p>\n","protected":false},"author":1182,"featured_media":17501,"comment_status":"closed","ping_status":"closed","sticky":false,"template":"","format":"standard","meta":{"footnotes":""},"categories":[6],"tags":[],"class_list":["post-24650","post","type-post","status-publish","format-standard","has-post-thumbnail","hentry","category-noticias"],"_links":{"self":[{"href":"https:\/\/www.sincomam.org.br\/index.php\/wp-json\/wp\/v2\/posts\/24650","targetHints":{"allow":["GET"]}}],"collection":[{"href":"https:\/\/www.sincomam.org.br\/index.php\/wp-json\/wp\/v2\/posts"}],"about":[{"href":"https:\/\/www.sincomam.org.br\/index.php\/wp-json\/wp\/v2\/types\/post"}],"author":[{"embeddable":true,"href":"https:\/\/www.sincomam.org.br\/index.php\/wp-json\/wp\/v2\/users\/1182"}],"replies":[{"embeddable":true,"href":"https:\/\/www.sincomam.org.br\/index.php\/wp-json\/wp\/v2\/comments?post=24650"}],"version-history":[{"count":1,"href":"https:\/\/www.sincomam.org.br\/index.php\/wp-json\/wp\/v2\/posts\/24650\/revisions"}],"predecessor-version":[{"id":24651,"href":"https:\/\/www.sincomam.org.br\/index.php\/wp-json\/wp\/v2\/posts\/24650\/revisions\/24651"}],"wp:featuredmedia":[{"embeddable":true,"href":"https:\/\/www.sincomam.org.br\/index.php\/wp-json\/wp\/v2\/media\/17501"}],"wp:attachment":[{"href":"https:\/\/www.sincomam.org.br\/index.php\/wp-json\/wp\/v2\/media?parent=24650"}],"wp:term":[{"taxonomy":"category","embeddable":true,"href":"https:\/\/www.sincomam.org.br\/index.php\/wp-json\/wp\/v2\/categories?post=24650"},{"taxonomy":"post_tag","embeddable":true,"href":"https:\/\/www.sincomam.org.br\/index.php\/wp-json\/wp\/v2\/tags?post=24650"}],"curies":[{"name":"wp","href":"https:\/\/api.w.org\/{rel}","templated":true}]}}