{"id":24632,"date":"2017-09-11T00:00:28","date_gmt":"2017-09-11T03:00:28","guid":{"rendered":"http:\/\/www.sincomam.org.br\/?p=24632"},"modified":"2017-09-04T08:21:24","modified_gmt":"2017-09-04T11:21:24","slug":"temer-mantem-agenda-mesmo-sob-ameca-de-nova-denuncia","status":"publish","type":"post","link":"https:\/\/www.sincomam.org.br\/index.php\/temer-mantem-agenda-mesmo-sob-ameca-de-nova-denuncia\/","title":{"rendered":"Temer mant\u00e9m agenda mesmo sob amea\u00e7a de nova den\u00fancia"},"content":{"rendered":"<p><span>O presidente Michel Temer<\/span><span><span>\u00a0manteve sua agenda na China. O peemedebista permanece tem agenda at\u00e9 ter\u00e7a-feira, em reuni\u00f5es bilaterais com chineses e pa\u00edses dos Brics. Cogitou-se, por algum tempo dentro da comitiva palaciana, um retorno antecipado para o Brasil.<\/p>\n<p>Espera-se que nesta semana ou na pr\u00f3xima, o procurador-geral da Rep\u00fablica apresente nova den\u00fancia contra o presidente, desta vez por organiza\u00e7\u00e3o criminosa e obstru\u00e7\u00e3o de Justi\u00e7a.<\/p>\n<p><\/span><\/span><\/p>\n<p>A den\u00fancia ser\u00e1 baseada principalmente no epis\u00f3dio com o empres\u00e1rio Joesley Batista, em que Temer ouviu que o ex-presidente da C\u00e2mara Eduardo Cunha (PMDB-RJ) e o operador L\u00facio Funaro, recebiam na cadeia pelo seu sil\u00eancio \u00e0 respeito de esquemas de corrup\u00e7\u00e3o no partido, al\u00e9m de compra de um procurador e um juiz federal para aliviar investiga\u00e7\u00f5es contra o grupo J&amp;F.<\/p>\n<p>Temer, segundo as autoridades, nada fez ao saber dos crimes. O tempero especial fica com a dela\u00e7\u00e3o de Funaro, que est\u00e1 no Supremo Tribunal Federal, sob sigilo, e prestes a ser homologada.<\/p>\n<p>Antes de viajar, Temer gravou um v\u00eddeo atacando Janot. \u201cSabemos que tem gente que quer parar o Brasil, e esse desejo n\u00e3o tem limites. Quer colocar obst\u00e1culos ao nosso trabalho, semear a desordem nas institui\u00e7\u00f5es, mas tenho for\u00e7a necess\u00e1ria para resistir\u201d. Na China, o presidente soltou nota para desqualificar a dela\u00e7\u00e3o de L\u00facio Funaro.<\/p>\n<p>\u201cDiante da vontade inexor\u00e1vel de perseguir o presidente da Rep\u00fablica, Funaro transmutou-se em personagem confi\u00e1vel. Do vinagre, fez-se vinho\u201d, diz nota de Temer.<\/p>\n<p>\u201cSe era capaz de amea\u00e7ar a vida de algu\u00e9m para escapar da Justi\u00e7a, n\u00e3o poderia ele mentir para ter sua pena reduzida? Isso seria, diante de sua ficha corrida, at\u00e9 um crime menor\u201d, segue o texto.<\/p>\n<p>Funaro foi acusado por Adriana Cleto, em depoimento \u00e0 Justi\u00e7a Federal, de amea\u00e7ar atear fogo na resid\u00eancia dela e de F\u00e1bio Cleto, ex-vice-presidente da Caixa, com os filhos deles dentro.<\/p>\n<p>Essa ser\u00e1 a estrat\u00e9gia de Temer mais uma vez: dizer que \u00e9 perseguido por Janot, que usa de \u201cila\u00e7\u00f5es\u201d e delatores mentirosos para se dizer inocente. Deu certo uma vez.<\/p>\n<p>Com a melhora dos indicadores econ\u00f4micos, tende a funcionar mais uma vez. Da\u00ed a tranquilidade de manter a agenda chinesa mesmo com o aumento das tens\u00f5es.<\/p>\n<p>Fonte: Exame<\/p>\n","protected":false},"excerpt":{"rendered":"<p>O presidente Michel Temer\u00a0manteve sua agenda na China. O peemedebista permanece tem agenda at\u00e9 ter\u00e7a-feira, em reuni\u00f5es bilaterais com chineses e pa\u00edses dos Brics. Cogitou-se,&#8230;<\/p>\n","protected":false},"author":1182,"featured_media":19480,"comment_status":"closed","ping_status":"closed","sticky":false,"template":"","format":"standard","meta":{"footnotes":""},"categories":[6],"tags":[],"class_list":["post-24632","post","type-post","status-publish","format-standard","has-post-thumbnail","hentry","category-noticias"],"_links":{"self":[{"href":"https:\/\/www.sincomam.org.br\/index.php\/wp-json\/wp\/v2\/posts\/24632","targetHints":{"allow":["GET"]}}],"collection":[{"href":"https:\/\/www.sincomam.org.br\/index.php\/wp-json\/wp\/v2\/posts"}],"about":[{"href":"https:\/\/www.sincomam.org.br\/index.php\/wp-json\/wp\/v2\/types\/post"}],"author":[{"embeddable":true,"href":"https:\/\/www.sincomam.org.br\/index.php\/wp-json\/wp\/v2\/users\/1182"}],"replies":[{"embeddable":true,"href":"https:\/\/www.sincomam.org.br\/index.php\/wp-json\/wp\/v2\/comments?post=24632"}],"version-history":[{"count":3,"href":"https:\/\/www.sincomam.org.br\/index.php\/wp-json\/wp\/v2\/posts\/24632\/revisions"}],"predecessor-version":[{"id":24635,"href":"https:\/\/www.sincomam.org.br\/index.php\/wp-json\/wp\/v2\/posts\/24632\/revisions\/24635"}],"wp:featuredmedia":[{"embeddable":true,"href":"https:\/\/www.sincomam.org.br\/index.php\/wp-json\/wp\/v2\/media\/19480"}],"wp:attachment":[{"href":"https:\/\/www.sincomam.org.br\/index.php\/wp-json\/wp\/v2\/media?parent=24632"}],"wp:term":[{"taxonomy":"category","embeddable":true,"href":"https:\/\/www.sincomam.org.br\/index.php\/wp-json\/wp\/v2\/categories?post=24632"},{"taxonomy":"post_tag","embeddable":true,"href":"https:\/\/www.sincomam.org.br\/index.php\/wp-json\/wp\/v2\/tags?post=24632"}],"curies":[{"name":"wp","href":"https:\/\/api.w.org\/{rel}","templated":true}]}}