{"id":24620,"date":"2017-09-08T00:16:36","date_gmt":"2017-09-08T03:16:36","guid":{"rendered":"http:\/\/www.sincomam.org.br\/?p=24620"},"modified":"2017-09-01T09:18:31","modified_gmt":"2017-09-01T12:18:31","slug":"ministro-negociou-mesada-em-troca-de-nomeacao-no-parana-diz-delator","status":"publish","type":"post","link":"https:\/\/www.sincomam.org.br\/index.php\/ministro-negociou-mesada-em-troca-de-nomeacao-no-parana-diz-delator\/","title":{"rendered":"Ministro negociou mesada em troca de nomea\u00e7\u00e3o no Paran\u00e1, diz delator"},"content":{"rendered":"<p>Um delator ligado a desvios de verba p\u00fablica no Paran\u00e1 afirma que negociou com o ministro da Sa\u00fade, Ricardo Barros (PP), a compra de um cargo no governo do Estado pelo valor de R$ 15 mil mensais.Os pagamentos foram feitos, segundo ele, ao cunhado de Barros, Juliano Borguetti, irm\u00e3o de Cida Borghetti (PP), mulher do ministro e vice-governadora da gest\u00e3o de Beto Richa (PSDB).<\/p>\n<p>O delator \u00e9 Eduardo Lopes de Souza, dono da construtora Valor, apontada como respons\u00e1vel por desvios de cerca de R$ 20 milh\u00f5es da Secretaria da Educa\u00e7\u00e3o do Paran\u00e1. Ele foi um dos alvos da opera\u00e7\u00e3o Quadro Negro, que investiga o esquema.<\/p>\n<p>A<strong>\u00a0<\/strong>Folha<strong>\u00a0<\/strong>teve acesso aos anexos do acordo assinado h\u00e1 mais de um m\u00eas com a Procuradoria-Geral da Rep\u00fablica e que aguarda homologa\u00e7\u00e3o do ministro Luiz Fux no Supremo Tribunal Federal.<\/p>\n<p>A reuni\u00e3o com Barros, segundo o delator, ocorreu &#8220;bem no come\u00e7o do ano de 2015&#8221;, quando o ministro era deputado federal.<\/p>\n<p>Souza relata que o combinado foi nomear Marilane Aparecida Fermino para um cargo de assistente na vice-governadoria. Ela atuava ajudando a construtora Valor na Secretaria de Educa\u00e7\u00e3o.<\/p>\n<p>&#8220;Nessa reuni\u00e3o, Ricardo Barros disse que concordaria com a proposta, mas era para pagar R$ 15 mil mensais ao Juliano Borguetti (eu tinha oferecido R$ 10 mil)&#8221;, diz trecho da dela\u00e7\u00e3o de Souza.<\/p>\n<p>O empres\u00e1rio afirmou que a ideia era que Marilane fosse realocada, posteriormente, para a Sema (Secretaria do Meio Ambiente), que \u00e9 da &#8220;cota da fam\u00edlia Barros&#8221;, segundo ele.<\/p>\n<p>&#8220;Ele [Barros] disse que colocaria Mari na Sema e que, em rela\u00e7\u00e3o aos contratos que eu ganhasse l\u00e1, a gente acertava na \u00e9poca da campanha. Ele disse que n\u00e3o gostava de receber valores ao longo da execu\u00e7\u00e3o das obras&#8221;, afirmou o delator.<\/p>\n<p>No &#8220;Di\u00e1rio Oficial&#8221; de 21 de janeiro de 2015 foi publicada a nomea\u00e7\u00e3o de Marilane como assessora da vice-governadoria do Estado. O sal\u00e1rio base do cargo que a servidora ocupou era R$ 9.000.<\/p>\n<p>Souza relata que pagou tr\u00eas parcelas de R$ 15 mil por tr\u00eas meses, totalizando o desembolso de R$ 45 mil. &#8220;Ele [Juliano Borghetti, cunhado de Barros] ia buscar o dinheiro comigo l\u00e1 na Valor&#8221;.<\/p>\n<p>Em dezembro de 2015, Borghetti, que \u00e9 ex-vereador de Curitiba, chegou a ficar preso por tr\u00eas dias em uma das fases da Quadro Negro, que prendeu tamb\u00e9m o delator.<\/p>\n<p>Investigadores relataram \u00e0 reportagem que Borghetti foi detido porque recebeu tr\u00eas cheques da construtora Valor de R$ 15 mil cada.<\/p>\n<p>Essa n\u00e3o foi a primeira vez que o ex-vereador foi preso. Em 2013, ele se envolveu em briga entre os torcedores do Atl\u00e9tico-PR e do Vasco em uma rodada do Campeonato Brasileiro na Arena Joinville (SC) e acabou sendo detido.<\/p>\n<p>Segundo Souza, o desgaste da imagem de Borghetti no epis\u00f3dio o impossibilitava de assumir cargos no governo. No entanto, &#8220;foi lhe dado o direito \u00e0 nomea\u00e7\u00e3o de um cargo na vice-governadoria&#8221;, disse Souza. A nomea\u00e7\u00e3o teria sido acertada na reuni\u00e3o entre Barros, seu cunhado e o empreiteiro.<\/p>\n<p>O delator afirmou que Marilane chegou a ser apresentada por Barros ao secret\u00e1rio do Meio Ambiente, mas que o combinado de desloc\u00e1-la para a pasta n\u00e3o aconteceu. Disse ainda que depois ela perdeu o posto na vice, j\u00e1 que &#8220;o governador Beto Richa retirou alguns cargos da l\u00e1&#8221;.<\/p>\n<p>O empreiteiro diz que combinou com Borghethi suspender os pagamentos at\u00e9 que a situa\u00e7\u00e3o da servidora se resolvesse. Logo depois, vieram a p\u00fablico os desvios envolvendo a Secretaria da Educa\u00e7\u00e3o e a construtora Valor e os pagamentos n\u00e3o foram retomados.<\/p>\n<p>Hoje, Marilane trabalha na Secretaria de Administra\u00e7\u00e3o e Previd\u00eancia do Paran\u00e1.<\/p>\n<p><b>OUTRO LADO<\/b><\/p>\n<p>O ministro Ricardo Barros (Sa\u00fade) e o cunhado dele, o ex-vereador Juliano Borghetti, negaram que os pagamentos feitos por Eduardo Souza, dono da construtora Valor e hoje delator, tenham liga\u00e7\u00e3o com a compra de um cargo da vice-governadoria.<\/p>\n<p>Ambos afirmam que Borghetti recebeu da Valor porque trabalhou por cerca de tr\u00eas meses na construtora como per\u00edodo de experi\u00eancia.<\/p>\n<p>&#8220;O trabalho na empresa foi posterior aos supostos desvios por ela praticados, conforme comprovado no processo que tramita em Curitiba&#8221;, disse Claudio Dalledone, advogado do ex-vereador. Ele afirmou ainda que seu cliente nega as acusa\u00e7\u00f5es relacionadas &#8220;\u00e0 pretensa troca de cargos&#8221;.<\/p>\n<p>O ministro Ricardo Barros disse, por meio de sua assessoria de imprensa, que a opera\u00e7\u00e3o Quadro Negro virou inqu\u00e9rito e a\u00e7\u00e3o na Justi\u00e7a h\u00e1 mais de um ano e que n\u00e3o houve cita\u00e7\u00e3o ao seu nome.<\/p>\n<p>Relata tamb\u00e9m que &#8220;nenhuma das testemunhas do processo o implicou nos fatos investigados&#8221;.<\/p>\n<p>Tamb\u00e9m disse que n\u00e3o procede a informa\u00e7\u00e3o de que acertou nomear a servidora Marilane Fermino para a vice-governadoria do Estado.<\/p>\n<p>A nota afirma que Marilane \u00e9 funcion\u00e1ria de carreira do Estado, que ocupou um cargo na secretaria de Educa\u00e7\u00e3o, foi nomeada na vice-governadoria, mas trabalhou efetivamente na Casa Civil. &#8220;Em abril, ela foi para a secretaria de Administra\u00e7\u00e3o, em mar\u00e7o de 2017 alocada na de Desenvolvimento Urbano, e em julho de 2017 voltou para a Administra\u00e7\u00e3o&#8221;.<\/p>\n<p>Barros reiterou que est\u00e1 \u00e0 disposi\u00e7\u00e3o para esclarecimentos quando tiver acesso ao teor da suposta dela\u00e7\u00e3o.<\/p>\n<p>A defesa da servidora Marilane Fermino disse que n\u00e3o se manifestar\u00e1 porque n\u00e3o recebeu posicionamento formal em rela\u00e7\u00e3o \u00e0 dela\u00e7\u00e3o.<\/p>\n<p>Fonte: Folha de SP<\/p>\n","protected":false},"excerpt":{"rendered":"<p>Um delator ligado a desvios de verba p\u00fablica no Paran\u00e1 afirma que negociou com o ministro da Sa\u00fade, Ricardo Barros (PP), a compra de um&#8230;<\/p>\n","protected":false},"author":1182,"featured_media":18462,"comment_status":"closed","ping_status":"closed","sticky":false,"template":"","format":"standard","meta":{"footnotes":""},"categories":[6],"tags":[],"class_list":["post-24620","post","type-post","status-publish","format-standard","has-post-thumbnail","hentry","category-noticias"],"_links":{"self":[{"href":"https:\/\/www.sincomam.org.br\/index.php\/wp-json\/wp\/v2\/posts\/24620","targetHints":{"allow":["GET"]}}],"collection":[{"href":"https:\/\/www.sincomam.org.br\/index.php\/wp-json\/wp\/v2\/posts"}],"about":[{"href":"https:\/\/www.sincomam.org.br\/index.php\/wp-json\/wp\/v2\/types\/post"}],"author":[{"embeddable":true,"href":"https:\/\/www.sincomam.org.br\/index.php\/wp-json\/wp\/v2\/users\/1182"}],"replies":[{"embeddable":true,"href":"https:\/\/www.sincomam.org.br\/index.php\/wp-json\/wp\/v2\/comments?post=24620"}],"version-history":[{"count":1,"href":"https:\/\/www.sincomam.org.br\/index.php\/wp-json\/wp\/v2\/posts\/24620\/revisions"}],"predecessor-version":[{"id":24621,"href":"https:\/\/www.sincomam.org.br\/index.php\/wp-json\/wp\/v2\/posts\/24620\/revisions\/24621"}],"wp:featuredmedia":[{"embeddable":true,"href":"https:\/\/www.sincomam.org.br\/index.php\/wp-json\/wp\/v2\/media\/18462"}],"wp:attachment":[{"href":"https:\/\/www.sincomam.org.br\/index.php\/wp-json\/wp\/v2\/media?parent=24620"}],"wp:term":[{"taxonomy":"category","embeddable":true,"href":"https:\/\/www.sincomam.org.br\/index.php\/wp-json\/wp\/v2\/categories?post=24620"},{"taxonomy":"post_tag","embeddable":true,"href":"https:\/\/www.sincomam.org.br\/index.php\/wp-json\/wp\/v2\/tags?post=24620"}],"curies":[{"name":"wp","href":"https:\/\/api.w.org\/{rel}","templated":true}]}}