{"id":24618,"date":"2017-09-08T00:11:22","date_gmt":"2017-09-08T03:11:22","guid":{"rendered":"http:\/\/www.sincomam.org.br\/?p=24618"},"modified":"2017-09-01T09:14:07","modified_gmt":"2017-09-01T12:14:07","slug":"donos-da-jbs-entregam-a-pgr-novos-anexos-para-o-acordo-de-delacao","status":"publish","type":"post","link":"https:\/\/www.sincomam.org.br\/index.php\/donos-da-jbs-entregam-a-pgr-novos-anexos-para-o-acordo-de-delacao\/","title":{"rendered":"Donos da JBS entregam \u00e0 PGR novos anexos para o acordo de dela\u00e7\u00e3o"},"content":{"rendered":"<div class=\"mc-column content-text active-extra-styles active-capital-letter\" data-block-type=\"unstyled\" data-block-weight=\"29\">\n<p class=\"content-text__container theme-color-primary-first-letter\" data-track-category=\"Link no Texto\" data-track-links=\"\">Os irm\u00e3os Joesley e Wesley Batista, donos da JBS, entregaram \u00e0 Procuradoria Geral da Rep\u00fablica (PGR) novos anexos como complemento para o acordo de dela\u00e7\u00e3o premiada.\u00a0<\/p>\n<\/div>\n<div class=\"mc-column content-text active-extra-styles \" data-block-type=\"unstyled\" data-block-weight=\"23\">\n<p class=\"content-text__container \" data-track-category=\"Link no Texto\" data-track-links=\"\">Fontes ouvidas pelo Jornal Nacional disseram que h\u00e1 documentos, relat\u00f3rios e \u00e1udios de novas grava\u00e7\u00f5es de conversas entre Joesley e interlocutores, incluindo pol\u00edticos.\u00a0<\/p>\n<\/div>\n<div class=\"mc-column content-text active-extra-styles\" data-block-type=\"raw\" data-block-weight=\"3\">\n<div class=\"content-intertitle\">\n<h2>Dela\u00e7\u00f5es da JBS<\/h2>\n<\/div>\n<\/div>\n<div class=\"mc-column content-text active-extra-styles \" data-block-type=\"unstyled\" data-block-weight=\"32\">\n<p class=\"content-text__container \" data-track-category=\"Link no Texto\" data-track-links=\"\">As dela\u00e7\u00f5es dos executivos da JBS causaram a maior crise pol\u00edtica do governo do presidente Michel Temer, a ponto de o peemedebista convocar a imprensa para frequentes pronunciamentos no Pal\u00e1cio do Planalto.\u00a0<\/p>\n<\/div>\n<div class=\"mc-column content-text active-extra-styles \" data-block-type=\"unstyled\" data-block-weight=\"43\">\n<p class=\"content-text__container \" data-track-category=\"Link no Texto\" data-track-links=\"\">Com base nos depoimentos, Temer foi denunciado ao STF\u00a0pelo procurador-geral da Rep\u00fablica, Rodrigo Janot, pelo crime de corrup\u00e7\u00e3o passiva. Mas o STF s\u00f3 poderia analisar a acusa\u00e7\u00e3o se a C\u00e2mara autorizasse. A maioria dos deputados rejeitou o prosseguimento do processo.\u00a0<\/p>\n<\/div>\n<div class=\"mc-column content-text active-extra-styles \" data-block-type=\"unstyled\" data-block-weight=\"17\">\n<p class=\"content-text__container \" data-track-category=\"Link no Texto\" data-track-links=\"\">A expectativa no mundo pol\u00edtico \u00e9 que Janot oferecer\u00e1 uma nova den\u00fancia\u00a0contra Temer, por outros crimes.\u00a0<\/p>\n<\/div>\n<div class=\"mc-column content-text active-extra-styles \" data-block-type=\"unstyled\" data-block-weight=\"40\">\n<p class=\"content-text__container \" data-track-category=\"Link no Texto\" data-track-links=\"\">Tamb\u00e9m com base nas dela\u00e7\u00f5es, o ministro do STF Luiz Edson Fachin afastou o senador A\u00e9cio Neves\u00a0(PSDB-MG) do mandato parlamentar. Mas outro ministro da Corte, Marco Aur\u00e9lio Mello, derrubou o afastamento e negou o pedido de pris\u00e3o\u00a0de A\u00e9cio.\u00a0<\/p>\n<\/div>\n<div class=\"mc-column content-text active-extra-styles\" data-block-type=\"raw\" data-block-weight=\"5\">\n<div class=\"content-intertitle\">\n<h2>O que diz o MP<\/h2>\n<\/div>\n<\/div>\n<div class=\"mc-column content-text active-extra-styles \" data-block-type=\"unstyled\" data-block-weight=\"19\">\n<p class=\"content-text__container \" data-track-category=\"Link no Texto\" data-track-links=\"\">Segundo a PGR, Temer e A\u00e9cio agiram em conjunto para impedir o avan\u00e7o das investiga\u00e7\u00f5es da Opera\u00e7\u00e3o Lava Jato. O Minist\u00e9rio P\u00fablico tamb\u00e9m afirma que o presidente deu &#8220;anu\u00eancia&#8221; ao pagamento de propina, pela JBS, ao deputado cassado Eduardo Cunha (PMDB-RJ), preso em Curitiba (PR), para que ele n\u00e3o feche acordo de dela\u00e7\u00e3o premiada.\u00a0<\/p>\n<\/div>\n<div class=\"mc-column content-text active-extra-styles \" data-block-type=\"unstyled\" data-block-weight=\"21\">\n<p class=\"content-text__container \" data-track-category=\"Link no Texto\" data-track-links=\"\">Desde que as dela\u00e7\u00f5es da JBS se tornaram p\u00fablicas, Temer e A\u00e9cio negaram todas as acusa\u00e7\u00f5es apresentadas pelos executivos da empresa.<\/p>\n<p>Fonte: G1<\/p>\n<\/div>\n","protected":false},"excerpt":{"rendered":"<p>Os irm\u00e3os Joesley e Wesley Batista, donos da JBS, entregaram \u00e0 Procuradoria Geral da Rep\u00fablica (PGR) novos anexos como complemento para o acordo de dela\u00e7\u00e3o&#8230;<\/p>\n","protected":false},"author":1182,"featured_media":19738,"comment_status":"closed","ping_status":"closed","sticky":false,"template":"","format":"standard","meta":{"footnotes":""},"categories":[6],"tags":[],"class_list":["post-24618","post","type-post","status-publish","format-standard","has-post-thumbnail","hentry","category-noticias"],"_links":{"self":[{"href":"https:\/\/www.sincomam.org.br\/index.php\/wp-json\/wp\/v2\/posts\/24618","targetHints":{"allow":["GET"]}}],"collection":[{"href":"https:\/\/www.sincomam.org.br\/index.php\/wp-json\/wp\/v2\/posts"}],"about":[{"href":"https:\/\/www.sincomam.org.br\/index.php\/wp-json\/wp\/v2\/types\/post"}],"author":[{"embeddable":true,"href":"https:\/\/www.sincomam.org.br\/index.php\/wp-json\/wp\/v2\/users\/1182"}],"replies":[{"embeddable":true,"href":"https:\/\/www.sincomam.org.br\/index.php\/wp-json\/wp\/v2\/comments?post=24618"}],"version-history":[{"count":1,"href":"https:\/\/www.sincomam.org.br\/index.php\/wp-json\/wp\/v2\/posts\/24618\/revisions"}],"predecessor-version":[{"id":24619,"href":"https:\/\/www.sincomam.org.br\/index.php\/wp-json\/wp\/v2\/posts\/24618\/revisions\/24619"}],"wp:featuredmedia":[{"embeddable":true,"href":"https:\/\/www.sincomam.org.br\/index.php\/wp-json\/wp\/v2\/media\/19738"}],"wp:attachment":[{"href":"https:\/\/www.sincomam.org.br\/index.php\/wp-json\/wp\/v2\/media?parent=24618"}],"wp:term":[{"taxonomy":"category","embeddable":true,"href":"https:\/\/www.sincomam.org.br\/index.php\/wp-json\/wp\/v2\/categories?post=24618"},{"taxonomy":"post_tag","embeddable":true,"href":"https:\/\/www.sincomam.org.br\/index.php\/wp-json\/wp\/v2\/tags?post=24618"}],"curies":[{"name":"wp","href":"https:\/\/api.w.org\/{rel}","templated":true}]}}