{"id":24616,"date":"2017-09-08T00:00:09","date_gmt":"2017-09-08T03:00:09","guid":{"rendered":"http:\/\/www.sincomam.org.br\/?p=24616"},"modified":"2017-09-01T09:11:16","modified_gmt":"2017-09-01T12:11:16","slug":"prefeitura-do-rio-acata-decisao-da-justica-e-diminui-passagem-de-onibus","status":"publish","type":"post","link":"https:\/\/www.sincomam.org.br\/index.php\/prefeitura-do-rio-acata-decisao-da-justica-e-diminui-passagem-de-onibus\/","title":{"rendered":"Prefeitura do Rio acata decis\u00e3o da Justi\u00e7a e diminui passagem de \u00f4nibus"},"content":{"rendered":"<div class=\"mc-column content-text active-extra-styles active-capital-letter\" data-block-type=\"unstyled\" data-block-weight=\"39\">\n<p class=\"content-text__container theme-color-primary-first-letter\" data-track-category=\"Link no Texto\" data-track-links=\"\">Prefeitura do Rio acatou a decis\u00e3o da Justi\u00e7a para diminuir a passagem de \u00f4nibus de R$ 3,80 para R$ 3,60. A decis\u00e3o foi publicada no Di\u00e1rio Oficial na \u00faltima semana.\u00a0<\/p>\n<\/div>\n<div class=\"mc-column content-text active-extra-styles \" data-block-type=\"unstyled\" data-block-weight=\"52\">\n<p class=\"content-text__container \" data-track-category=\"Link no Texto\" data-track-links=\"\">A\u00a0desembargadora M\u00f4nica Sardas, da 20\u00aa C\u00e2mara C\u00edvel do Tribunal de Justi\u00e7a do Rio, deu a senten\u00e7a por considerar abusivo o valor da passagem. Segundo ela, o adicional de R$ 0,20 somado ao reajuste tarif\u00e1rio de 2014 deve ser exclu\u00eddo da atual tarifa dos \u00f4nibus municipais &#8220;imediatamente&#8221;.\u00a0<\/p>\n<\/div>\n<div class=\"mc-column content-text active-extra-styles \" data-block-type=\"unstyled\" data-block-weight=\"35\">\n<p class=\"content-text__container \" data-track-category=\"Link no Texto\" data-track-links=\"\">&#8220;O ac\u00f3rd\u00e3o declarou abusivo o adicional de R$ 0,20 (vinte centavos) determinado pelo Decreto Municipal 39.707\/14, o que significa dizer que R$ 0,20 (vinte centavos) devem ser deduzidos imediatamente da atual tarifa&#8221;, destacou a relatora.\u00a0<\/p>\n<\/div>\n<div class=\"mc-column content-text active-extra-styles \" data-block-type=\"unstyled\" data-block-weight=\"26\">\n<p class=\"content-text__container \" data-track-category=\"Link no Texto\" data-track-links=\"\">A magistrada negou a atribui\u00e7\u00e3o de efeito suspensivo aos recursos de embargos de declara\u00e7\u00e3o impetrados pelo munic\u00edpio e os cons\u00f3rcios Santa Cruz, Intersul, Internorte e Transcarioca.\u00a0<\/p>\n<\/div>\n<div class=\"mc-column content-text active-extra-styles \" data-block-type=\"unstyled\" data-block-weight=\"36\">\n<p class=\"content-text__container \" data-track-category=\"Link no Texto\" data-track-links=\"\">Na decis\u00e3o, a desembargadora afirma que alega\u00e7\u00e3o de haver risco de dano grave e de dif\u00edcil repara\u00e7\u00e3o, por uma suposta inexatid\u00e3o do ac\u00f3rd\u00e3o que, no dia 18 de agosto, julgou abusivo o adicional, n\u00e3o se sustenta.\u00a0<\/p>\n<\/div>\n<div class=\"mc-column content-text active-extra-styles \" data-block-type=\"unstyled\" data-block-weight=\"34\">\n<p class=\"content-text__container \" data-track-category=\"Link no Texto\" data-track-links=\"\">Ainda segundo a decis\u00e3o, as alega\u00e7\u00f5es de omiss\u00f5es e contradi\u00e7\u00f5es do ac\u00f3rd\u00e3o ser\u00e3o enfrentadas no momento oportuno, quando do julgamento do m\u00e9rito dos embargos de declara\u00e7\u00e3o pelo colegiado da 20\u00aa C\u00e2mara C\u00edvel do TJRJ.\u00a0<\/p>\n<\/div>\n<div class=\"mc-column content-text active-extra-styles \" data-block-type=\"unstyled\" data-block-weight=\"26\">\n<p class=\"content-text__container \" data-track-category=\"Link no Texto\" data-track-links=\"\">O indeferimento do efeito suspensivo ser\u00e1 comunicado \u00e0 14\u00aa Vara de Fazenda P\u00fablica para que esta intime a Prefeitura e os cons\u00f3rcios para cumprimento do ac\u00f3rd\u00e3o.<\/p>\n<p>Fonte: G1<\/p>\n<\/div>\n","protected":false},"excerpt":{"rendered":"<p>Prefeitura do Rio acatou a decis\u00e3o da Justi\u00e7a para diminuir a passagem de \u00f4nibus de R$ 3,80 para R$ 3,60. A decis\u00e3o foi publicada no&#8230;<\/p>\n","protected":false},"author":1182,"featured_media":18164,"comment_status":"closed","ping_status":"closed","sticky":false,"template":"","format":"standard","meta":{"footnotes":""},"categories":[6],"tags":[],"class_list":["post-24616","post","type-post","status-publish","format-standard","has-post-thumbnail","hentry","category-noticias"],"_links":{"self":[{"href":"https:\/\/www.sincomam.org.br\/index.php\/wp-json\/wp\/v2\/posts\/24616","targetHints":{"allow":["GET"]}}],"collection":[{"href":"https:\/\/www.sincomam.org.br\/index.php\/wp-json\/wp\/v2\/posts"}],"about":[{"href":"https:\/\/www.sincomam.org.br\/index.php\/wp-json\/wp\/v2\/types\/post"}],"author":[{"embeddable":true,"href":"https:\/\/www.sincomam.org.br\/index.php\/wp-json\/wp\/v2\/users\/1182"}],"replies":[{"embeddable":true,"href":"https:\/\/www.sincomam.org.br\/index.php\/wp-json\/wp\/v2\/comments?post=24616"}],"version-history":[{"count":1,"href":"https:\/\/www.sincomam.org.br\/index.php\/wp-json\/wp\/v2\/posts\/24616\/revisions"}],"predecessor-version":[{"id":24617,"href":"https:\/\/www.sincomam.org.br\/index.php\/wp-json\/wp\/v2\/posts\/24616\/revisions\/24617"}],"wp:featuredmedia":[{"embeddable":true,"href":"https:\/\/www.sincomam.org.br\/index.php\/wp-json\/wp\/v2\/media\/18164"}],"wp:attachment":[{"href":"https:\/\/www.sincomam.org.br\/index.php\/wp-json\/wp\/v2\/media?parent=24616"}],"wp:term":[{"taxonomy":"category","embeddable":true,"href":"https:\/\/www.sincomam.org.br\/index.php\/wp-json\/wp\/v2\/categories?post=24616"},{"taxonomy":"post_tag","embeddable":true,"href":"https:\/\/www.sincomam.org.br\/index.php\/wp-json\/wp\/v2\/tags?post=24616"}],"curies":[{"name":"wp","href":"https:\/\/api.w.org\/{rel}","templated":true}]}}