{"id":24614,"date":"2017-09-06T00:06:06","date_gmt":"2017-09-06T03:06:06","guid":{"rendered":"http:\/\/www.sincomam.org.br\/?p=24614"},"modified":"2017-09-01T09:08:51","modified_gmt":"2017-09-01T12:08:51","slug":"governo-reve-regra-de-privatizacao-da-eletrobras-e-inclui-oferta-de-acoes-a-empregados-e-poderes-especiais-a-uniao","status":"publish","type":"post","link":"https:\/\/www.sincomam.org.br\/index.php\/governo-reve-regra-de-privatizacao-da-eletrobras-e-inclui-oferta-de-acoes-a-empregados-e-poderes-especiais-a-uniao\/","title":{"rendered":"Governo rev\u00ea regra de privatiza\u00e7\u00e3o da Eletrobras e inclui oferta de a\u00e7\u00f5es a empregados e &#8216;poderes especiais&#8217; \u00e0 Uni\u00e3o"},"content":{"rendered":"<div class=\"mc-column content-text active-extra-styles active-capital-letter\" data-block-type=\"unstyled\" data-block-weight=\"35\">\n<p class=\"content-text__container theme-color-primary-first-letter\" data-track-category=\"Link no Texto\" data-track-links=\"\">O governo alterou as regras para a privatiza\u00e7\u00e3o da Eletrobr\u00e1s. O processo agora prev\u00ea a venda de parte das a\u00e7\u00f5es aos empregados da companhia e &#8220;poderes especiais&#8221; \u00e0 Uni\u00e3o, que continuar\u00e1 como acionista da empresa.\u00a0<\/p>\n<\/div>\n<div class=\"mc-column content-text active-extra-styles \" data-block-type=\"unstyled\" data-block-weight=\"46\">\n<p class=\"content-text__container \" data-track-category=\"Link no Texto\" data-track-links=\"\">A decis\u00e3o \u00e9 do conselho do Programa de Parcerias de Investimentos (PPI), \u00f3rg\u00e3o respons\u00e1vel pelos processos de desinvestimentos e foi publicada na edi\u00e7\u00e3o do dia 29 do Di\u00e1rio Oficial da Uni\u00e3o. Ela retifica a resolu\u00e7\u00e3o que trata da privatiza\u00e7\u00e3o da empresa.\u00a0<\/p>\n<\/div>\n<div class=\"mc-column content-text active-extra-styles\" data-block-type=\"raw\" data-block-weight=\"2\">\n<div class=\"content-intertitle\">\n<h2>A\u00e7\u00e3o especial<\/h2>\n<\/div>\n<\/div>\n<div class=\"mc-column content-text active-extra-styles \" data-block-type=\"unstyled\" data-block-weight=\"33\">\n<p class=\"content-text__container \" data-track-category=\"Link no Texto\" data-track-links=\"\">Pela nova regra proposta, a Uni\u00e3o ter\u00e1 uma a\u00e7\u00e3o especial, que lhe &#8220;confira poderes especiais em rela\u00e7\u00e3o a altera\u00e7\u00f5es da raz\u00e3o social, objetos sociais ou sedes da Eletrobras ou empresas por ela controladas&#8221;.\u00a0<\/p>\n<\/div>\n<div class=\"mc-column content-text active-extra-styles \" data-block-type=\"unstyled\" data-block-weight=\"18\">\n<p class=\"content-text__container \" data-track-category=\"Link no Texto\" data-track-links=\"\">Na pr\u00e1tica, o governo ainda ter\u00e1 inger\u00eancia nas decis\u00f5es da Eletrobras mesmo deixando de ser seu acionista controlador.\u00a0<\/p>\n<\/div>\n<div class=\"mc-column content-text active-extra-styles \" data-block-type=\"unstyled\" data-block-weight=\"21\">\n<p class=\"content-text__container \" data-track-category=\"Link no Texto\" data-track-links=\"\">Hoje a Uni\u00e3o tem 51% das a\u00e7\u00f5es ordin\u00e1rias (com direito a voto) e fatia de 40,99% no capital total da Eletrobras;\u00a0<\/p>\n<\/div>\n<div class=\"mc-column content-text active-extra-styles \" data-block-type=\"unstyled\" data-block-weight=\"26\">\n<p class=\"content-text__container \" data-track-category=\"Link no Texto\" data-track-links=\"\">Al\u00e9m disso, o Banco Nacional de Desenvolvimento Econ\u00f4mico e Social (BNDES) e seu bra\u00e7o de investimentos, o BNDESPar, t\u00eam, juntos, 18,72% do capital total da empresa.<\/p>\n<div class=\"mc-column content-text active-extra-styles\" data-block-type=\"raw\" data-block-weight=\"3\">\n<div class=\"content-intertitle\">\n<h2>Oferta aos funcion\u00e1rios<\/h2>\n<\/div>\n<\/div>\n<div class=\"mc-column content-text active-extra-styles \" data-block-type=\"unstyled\" data-block-weight=\"28\">\n<p class=\"content-text__container \" data-track-category=\"Link no Texto\" data-track-links=\"\">Parte das a\u00e7\u00f5es que o governo vender\u00e1 na Eletrobras ser\u00e3o oferecidas aos funcion\u00e1rios, de acordo com nova reda\u00e7\u00e3o da resolu\u00e7\u00e3o do conselho do programa de parceria de investimentos.\u00a0<\/p>\n<\/div>\n<div class=\"mc-column content-text active-extra-styles \" data-block-type=\"unstyled\" data-block-weight=\"39\">\n<p class=\"content-text__container \" data-track-category=\"Link no Texto\" data-track-links=\"\">Essa regra \u00e9 comum em ofertas de a\u00e7\u00f5es em bolsas de valores e reserva parte das a\u00e7\u00f5es que ser\u00e3o colocadas ao mercado para os funcion\u00e1rios da empresa. Nesse caso, para os servidores da Eletrobras e empresas controladas por ela.<\/p>\n<div class=\"mc-column content-text active-extra-styles\" data-block-type=\"raw\" data-block-weight=\"2\">\n<div class=\"content-intertitle\">\n<h2>Outras mudan\u00e7as<\/h2>\n<\/div>\n<\/div>\n<div class=\"mc-column content-text active-extra-styles \" data-block-type=\"unstyled\" data-block-weight=\"37\">\n<p class=\"content-text__container \" data-track-category=\"Link no Texto\" data-track-links=\"\">O governo tamb\u00e9m incluiu como regra para o processo de privatiza\u00e7\u00e3o o desenvolvimento de programa de revitaliza\u00e7\u00e3o dos recursos h\u00eddricos da Bacia do S\u00e3o Francisco pela Chesf (Companhia Hidro El\u00e9trica do S\u00e3o Francisco), subsidi\u00e1ria da Eletrobras.<\/p>\n<p>Fonte: g1<\/p>\n<\/div>\n<\/div>\n<\/div>\n","protected":false},"excerpt":{"rendered":"<p>O governo alterou as regras para a privatiza\u00e7\u00e3o da Eletrobr\u00e1s. O processo agora prev\u00ea a venda de parte das a\u00e7\u00f5es aos empregados da companhia e&#8230;<\/p>\n","protected":false},"author":1182,"featured_media":5103,"comment_status":"closed","ping_status":"closed","sticky":false,"template":"","format":"standard","meta":{"footnotes":""},"categories":[6],"tags":[],"class_list":["post-24614","post","type-post","status-publish","format-standard","has-post-thumbnail","hentry","category-noticias"],"_links":{"self":[{"href":"https:\/\/www.sincomam.org.br\/index.php\/wp-json\/wp\/v2\/posts\/24614","targetHints":{"allow":["GET"]}}],"collection":[{"href":"https:\/\/www.sincomam.org.br\/index.php\/wp-json\/wp\/v2\/posts"}],"about":[{"href":"https:\/\/www.sincomam.org.br\/index.php\/wp-json\/wp\/v2\/types\/post"}],"author":[{"embeddable":true,"href":"https:\/\/www.sincomam.org.br\/index.php\/wp-json\/wp\/v2\/users\/1182"}],"replies":[{"embeddable":true,"href":"https:\/\/www.sincomam.org.br\/index.php\/wp-json\/wp\/v2\/comments?post=24614"}],"version-history":[{"count":1,"href":"https:\/\/www.sincomam.org.br\/index.php\/wp-json\/wp\/v2\/posts\/24614\/revisions"}],"predecessor-version":[{"id":24615,"href":"https:\/\/www.sincomam.org.br\/index.php\/wp-json\/wp\/v2\/posts\/24614\/revisions\/24615"}],"wp:featuredmedia":[{"embeddable":true,"href":"https:\/\/www.sincomam.org.br\/index.php\/wp-json\/wp\/v2\/media\/5103"}],"wp:attachment":[{"href":"https:\/\/www.sincomam.org.br\/index.php\/wp-json\/wp\/v2\/media?parent=24614"}],"wp:term":[{"taxonomy":"category","embeddable":true,"href":"https:\/\/www.sincomam.org.br\/index.php\/wp-json\/wp\/v2\/categories?post=24614"},{"taxonomy":"post_tag","embeddable":true,"href":"https:\/\/www.sincomam.org.br\/index.php\/wp-json\/wp\/v2\/tags?post=24614"}],"curies":[{"name":"wp","href":"https:\/\/api.w.org\/{rel}","templated":true}]}}