{"id":24611,"date":"2017-09-06T00:52:43","date_gmt":"2017-09-06T03:52:43","guid":{"rendered":"http:\/\/www.sincomam.org.br\/?p=24611"},"modified":"2017-09-01T08:55:02","modified_gmt":"2017-09-01T11:55:02","slug":"alckmin-escancara-projeto-para-concorrer-a-presidencia-em-2018","status":"publish","type":"post","link":"https:\/\/www.sincomam.org.br\/index.php\/alckmin-escancara-projeto-para-concorrer-a-presidencia-em-2018\/","title":{"rendered":"Alckmin escancara projeto para concorrer \u00e0 presid\u00eancia em 2018"},"content":{"rendered":"<p>O governador de S\u00e3o Paulo, Geraldo Alckmim\u00a0(PSDB), fez declara\u00e7\u00f5es mais enf\u00e1ticas como pr\u00e9-candidato \u00e0 Presid\u00eancia da Rep\u00fablica desde que admitiu publicamente\u00a0a inten\u00e7\u00e3o de participar da disputa do ano que vem.<\/p>\n<p>O tucano afirmou querer ser \u201co presidente do povo brasileiro\u201d. Dentro do PSDB, j\u00e1 h\u00e1 um avalia\u00e7\u00e3o predominante de que dificilmente o governador n\u00e3o ser\u00e1 o candidato do partido ao Planalto.<\/p>\n<p>Num embate velado, Alckmin tem como rival interno o prefeito Jo\u00e3o Doria, que, mesmo sem assumir a disposi\u00e7\u00e3o de se candidatar ao Planalto, age nesse sentido e mant\u00e9m uma agenda de viagens pelo Pa\u00eds.<\/p>\n<p>Nesta quinta, a 2.730 quil\u00f4metros de dist\u00e2ncia da capital paulista, na Para\u00edba, o prefeito voltou a receber homenagens e discursou para uma plateia de empres\u00e1rios.<\/p>\n<p>Doria tenta aumentar o seu n\u00edvel de conhecimento entre os eleitores, principalmente no Nordeste, para tentar chegar competitivo na conven\u00e7\u00e3o tucana, prevista para o final do ano ou in\u00edcio de 2018.<\/p>\n<p>Em S\u00e3o Paulo, ao participar da inaugura\u00e7\u00e3o da nova sede de uma empresa de cosm\u00e9ticos, Alckmin foi questionado sobre a compara\u00e7\u00e3o entre ele e a candidata democrata americana Hillary Clinton, feita pela Consultoria Eurasia na quarta-feira, 30. O governador foi classificado como o candidato do \u201cestablishment\u201d \u2013 a elite pol\u00edtica.<\/p>\n<p>\u201cDa elite, n\u00e3o\u201d, rebateu Alckmin. \u201cEu quero ser o presidente do povo brasileiro, dos empres\u00e1rios que geram emprego, do trabalhador sacrificado do Brasil\u201d, afirmou o tucano.<\/p>\n<p>Alckmin disse tamb\u00e9m que \u201ca mod\u00e9stia\u201d n\u00e3o lhe permitia responder \u00e0 pergunta sobre se seria o melhor nome para a Presid\u00eancia. O governador evitou compara\u00e7\u00f5es entre ele e Doria.<\/p>\n<p>Questionado se seria capaz de conduzir o governo de S\u00e3o Paulo e ao mesmo tempo viajar pelo Pa\u00eds, Alckmin se recusou a responder. Doria afirma que as viagens para diversos Estados n\u00e3o prejudicam sua gest\u00e3o porque \u00e9 capaz de usar a tecnologia para administrar a cidade \u00e0 dist\u00e2ncia. Ap\u00f3s ser homenageado na Para\u00edba com o t\u00edtulo de cidad\u00e3o de Campina Grande, o prefeito seguiu para Paris.<\/p>\n<h3><strong>Escolhido<\/strong><\/h3>\n<p>A declara\u00e7\u00e3o enf\u00e1tica de Alckmin foi vista dentro do PSDB como a forma de responder \u00e0s cr\u00edticas de que sua candidatura representa a pol\u00edtica tradicional, que enfrenta hoje forte rejei\u00e7\u00e3o por parte da sociedade de acordo com a \u00faltima pesquisa Ipsos publicada no domingo no Estado.<\/p>\n<p>Segundo o estudo, os pol\u00edticos tradicionais, como o tucano, t\u00eam a imagem mais desgastada do que aqueles que se apresentam como n\u00e3o pol\u00edticos, como Doria. No levantamento, Alckmin tem 73% de desaprova\u00e7\u00e3o.<\/p>\n<p>\u201cInternamente no PSDB, o Alckmin j\u00e1 \u00e9 considerado candidato. Tasso (Jereissati, presidente interino da sigla) deixou claro isso quando afirmou que ele \u00e9 o primeiro da fila\u201d, afirmou o deputado federal Silvio Torres (SP), secret\u00e1rio-geral do PSDB.<\/p>\n<p>A forma mais expl\u00edcita de Alckmin se posicionar tamb\u00e9m \u00e9 vista dentro do PSDB como uma estrat\u00e9gia para tentar minimizar o efeito Doria na legenda. Tanto o governador quanto o seu afilhado pol\u00edtico v\u00eam aumentando o tom na disputa. Um tucano disse, reservadamente ao Estado, que Alckmin n\u00e3o quer \u201cdar chance\u201d a Doria para que ele ocupe espa\u00e7os no partido.<\/p>\n<h3><strong>Anti-Lula<\/strong><\/h3>\n<p>Nesta quinta, em Campina Grande, Doria testou uma abordagem diferente da que vinha colocando em pr\u00e1tica desde que assumiu a prefeitura de S\u00e3o Paulo em janeiro.<\/p>\n<p>Ele moderou os ataques ao ex-presidente Luiz In\u00e1cio Lula da Silva, a quem j\u00e1 chamou de \u201csem vergonha\u201d e \u201cbandido\u201d e evitou o bord\u00e3o \u201cnossa bandeira nunca ser\u00e1 vermelha\u201d, comum nas recentes apari\u00e7\u00f5es p\u00fablicas.<\/p>\n<p>O tucano chegou a defender o petista e a presidente cassada Dilma Rousseff durante entrevista a uma r\u00e1dio da Para\u00edba afirmando que eles t\u00eam o direito de \u201cperegrinar\u201d pelo Pa\u00eds.<\/p>\n<p>\u201cEntendo que isso \u00e9 leg\u00edtimo e n\u00e3o fa\u00e7o obje\u00e7\u00e3o a esse ato. O que continuarei a fazer \u00e9 obje\u00e7\u00e3o ao discurso, o meu \u00e9 diferente\u201d, disse Doria.<\/p>\n<p>Nas \u00faltimos meses, o prefeito paulista tem se colocado como um antagonista do ex-presidente. A radicaliza\u00e7\u00e3o do tucano levou a cr\u00edticas internas no PSDB. Questionado sobre sua postura, Doria disse que \u201cn\u00e3o quer falar mal de ningu\u00e9m\u201d.<\/p>\n<p>\u201cDiscurso de n\u00f3s contra eles n\u00e3o \u00e9 a melhor proposta para o Brasil\u201d, disse, repetindo a afirma\u00e7\u00e3o feita por Tasso em entrevista ao Estado.<\/p>\n<p>Depois do evento na Para\u00edba, o prefeito paulistano embarcou para Fran\u00e7a, onde participa hoje de um evento organizado pela Positive Planet Foundation.<\/p>\n<p>Na agenda do prefeito em Paris consta um jantar onde estar\u00e1 o presidente franc\u00eas Emmanuel M\u00e1cron.<\/p>\n","protected":false},"excerpt":{"rendered":"<p>O governador de S\u00e3o Paulo, Geraldo Alckmim\u00a0(PSDB), fez declara\u00e7\u00f5es mais enf\u00e1ticas como pr\u00e9-candidato \u00e0 Presid\u00eancia da Rep\u00fablica desde que admitiu publicamente\u00a0a inten\u00e7\u00e3o de participar da&#8230;<\/p>\n","protected":false},"author":1182,"featured_media":19013,"comment_status":"closed","ping_status":"closed","sticky":false,"template":"","format":"standard","meta":{"footnotes":""},"categories":[6],"tags":[],"class_list":["post-24611","post","type-post","status-publish","format-standard","has-post-thumbnail","hentry","category-noticias"],"_links":{"self":[{"href":"https:\/\/www.sincomam.org.br\/index.php\/wp-json\/wp\/v2\/posts\/24611","targetHints":{"allow":["GET"]}}],"collection":[{"href":"https:\/\/www.sincomam.org.br\/index.php\/wp-json\/wp\/v2\/posts"}],"about":[{"href":"https:\/\/www.sincomam.org.br\/index.php\/wp-json\/wp\/v2\/types\/post"}],"author":[{"embeddable":true,"href":"https:\/\/www.sincomam.org.br\/index.php\/wp-json\/wp\/v2\/users\/1182"}],"replies":[{"embeddable":true,"href":"https:\/\/www.sincomam.org.br\/index.php\/wp-json\/wp\/v2\/comments?post=24611"}],"version-history":[{"count":1,"href":"https:\/\/www.sincomam.org.br\/index.php\/wp-json\/wp\/v2\/posts\/24611\/revisions"}],"predecessor-version":[{"id":24612,"href":"https:\/\/www.sincomam.org.br\/index.php\/wp-json\/wp\/v2\/posts\/24611\/revisions\/24612"}],"wp:featuredmedia":[{"embeddable":true,"href":"https:\/\/www.sincomam.org.br\/index.php\/wp-json\/wp\/v2\/media\/19013"}],"wp:attachment":[{"href":"https:\/\/www.sincomam.org.br\/index.php\/wp-json\/wp\/v2\/media?parent=24611"}],"wp:term":[{"taxonomy":"category","embeddable":true,"href":"https:\/\/www.sincomam.org.br\/index.php\/wp-json\/wp\/v2\/categories?post=24611"},{"taxonomy":"post_tag","embeddable":true,"href":"https:\/\/www.sincomam.org.br\/index.php\/wp-json\/wp\/v2\/tags?post=24611"}],"curies":[{"name":"wp","href":"https:\/\/api.w.org\/{rel}","templated":true}]}}