{"id":24609,"date":"2017-09-06T00:10:15","date_gmt":"2017-09-06T03:10:15","guid":{"rendered":"http:\/\/www.sincomam.org.br\/?p=24609"},"modified":"2017-09-01T08:52:26","modified_gmt":"2017-09-01T11:52:26","slug":"eua-acusam-cuba-de-usar-arma-sonica-contra-diplomatas","status":"publish","type":"post","link":"https:\/\/www.sincomam.org.br\/index.php\/eua-acusam-cuba-de-usar-arma-sonica-contra-diplomatas\/","title":{"rendered":"EUA acusam Cuba de usar \u201carma s\u00f4nica\u201d contra diplomatas"},"content":{"rendered":"<p>Em 2016, diplomatas lotados na embaixada dos EUA<i>\u00a0<\/i>em Havana come\u00e7aram a se queixar de dificuldade para ouvir.<\/p>\n<p>Em alguns casos, a perda auditiva foi t\u00e3o severa que os funcion\u00e1rios tiveram de abandonar suas fun\u00e7\u00f5es na ilha e regressar aos Estados Unidos.<\/p>\n<p>Agora, os americanos dizem ter descoberto o motivo: Cuba\u00a0estaria usando um aparelho para<span>\u00a0<\/span>bombardear os diplomatas com ondas sonoras<span>\u00a0<\/span>e deix\u00e1-los surdos.<\/p>\n<p>Segundo os americanos, o suposto dispositivo trabalha fora do espectro aud\u00edvel, que vai de 20 Hz a 20 KHz, e por isso opera de forma silenciosa \u2013 mas emite radia\u00e7\u00e3o sonora suficiente para danificar a audi\u00e7\u00e3o.<\/p>\n<p>De acordo com fontes do governo americano ouvidas pelo jornal<span>\u00a0<\/span><i>Boston Globe<\/i>, os cubanos teriam instalado o aparelho nas resid\u00eancias dos diplomatas, fazendo com que eles fossem expostos \u00e0 radia\u00e7\u00e3o sonora durante um longo per\u00edodo.<\/p>\n<p>Tamb\u00e9m \u00e9\u00a0poss\u00edvel que a radia\u00e7\u00e3o seja um efeito colateral de equipamentos de espionagem instalados pelo governo cubano \u2013 que<span>\u00a0negou a pr\u00e1tica<\/span>.<\/p>\n<p>Se o ataque sonoro for confirmado, n\u00e3o ter\u00e1 sido a primeira vez que Cuba recorre a medidas pouco usuais contra os EUA.<\/p>\n<p>Em 2006, o ent\u00e3o presidente George W. Bush decidiu instalar um painel de LED na parede da embaixada americana em Havana, e us\u00e1-lo para exibir mensagens de propaganda pol\u00edtica.<\/p>\n<p>Fidel Castro reagiu cercando a embaixada com 138 bandeiras pretas, que bloqueavam a vis\u00e3o do LED. As bandeiras s\u00f3 foram retiradas em 2015.<\/p>\n<p>Fonte: Exame<\/p>\n","protected":false},"excerpt":{"rendered":"<p>Em 2016, diplomatas lotados na embaixada dos EUA\u00a0em Havana come\u00e7aram a se queixar de dificuldade para ouvir. Em alguns casos, a perda auditiva foi t\u00e3o&#8230;<\/p>\n","protected":false},"author":1182,"featured_media":21483,"comment_status":"closed","ping_status":"closed","sticky":false,"template":"","format":"standard","meta":{"footnotes":""},"categories":[6],"tags":[],"class_list":["post-24609","post","type-post","status-publish","format-standard","has-post-thumbnail","hentry","category-noticias"],"_links":{"self":[{"href":"https:\/\/www.sincomam.org.br\/index.php\/wp-json\/wp\/v2\/posts\/24609","targetHints":{"allow":["GET"]}}],"collection":[{"href":"https:\/\/www.sincomam.org.br\/index.php\/wp-json\/wp\/v2\/posts"}],"about":[{"href":"https:\/\/www.sincomam.org.br\/index.php\/wp-json\/wp\/v2\/types\/post"}],"author":[{"embeddable":true,"href":"https:\/\/www.sincomam.org.br\/index.php\/wp-json\/wp\/v2\/users\/1182"}],"replies":[{"embeddable":true,"href":"https:\/\/www.sincomam.org.br\/index.php\/wp-json\/wp\/v2\/comments?post=24609"}],"version-history":[{"count":1,"href":"https:\/\/www.sincomam.org.br\/index.php\/wp-json\/wp\/v2\/posts\/24609\/revisions"}],"predecessor-version":[{"id":24610,"href":"https:\/\/www.sincomam.org.br\/index.php\/wp-json\/wp\/v2\/posts\/24609\/revisions\/24610"}],"wp:featuredmedia":[{"embeddable":true,"href":"https:\/\/www.sincomam.org.br\/index.php\/wp-json\/wp\/v2\/media\/21483"}],"wp:attachment":[{"href":"https:\/\/www.sincomam.org.br\/index.php\/wp-json\/wp\/v2\/media?parent=24609"}],"wp:term":[{"taxonomy":"category","embeddable":true,"href":"https:\/\/www.sincomam.org.br\/index.php\/wp-json\/wp\/v2\/categories?post=24609"},{"taxonomy":"post_tag","embeddable":true,"href":"https:\/\/www.sincomam.org.br\/index.php\/wp-json\/wp\/v2\/tags?post=24609"}],"curies":[{"name":"wp","href":"https:\/\/api.w.org\/{rel}","templated":true}]}}