{"id":24605,"date":"2017-09-05T00:39:10","date_gmt":"2017-09-05T03:39:10","guid":{"rendered":"http:\/\/www.sincomam.org.br\/?p=24605"},"modified":"2017-09-01T08:41:01","modified_gmt":"2017-09-01T11:41:01","slug":"venda-de-veiculos-no-brasil-passa-por-momento-crucial","status":"publish","type":"post","link":"https:\/\/www.sincomam.org.br\/index.php\/venda-de-veiculos-no-brasil-passa-por-momento-crucial\/","title":{"rendered":"Venda de ve\u00edculos no Brasil passa por momento crucial"},"content":{"rendered":"<p><span>A Fera\u00e7\u00e3o Nacional de Distribuidores de Ve\u00edculos<\/span><span><span>\u00a0Automotores (Fenabrave), divulgou os dados sobre o emplacamento dos ve\u00edculos novos em agosto, e deve mostrar que a vida melhora, mas continua dif\u00edcil para as montadoras.\u00a0<br \/><\/span><\/span><\/p>\n<p><span>A expectativa \u00e9 alta para reverter os dados do m\u00eas passado, quando houve queda de 5% nas vendas em rela\u00e7\u00e3o a junho. Apesar disso, o cen\u00e1rio, com 184.838 ve\u00edculos emplacados, foi 1,9% melhor do que no mesmo m\u00eas do ano passado.<\/span><\/p>\n<p><span>Com agosto sendo tradicionalmente um m\u00eas forte para as vendas, a esperan\u00e7a \u00e9 que os resultados venham ainda melhores e continuem \u00e0 frente do que foi 2016. No ano passado, a Fenabrave afirmou que a venda de ve\u00edculos novos recuou 11% em agosto, se comparado a 2015.\u00a0<\/span><\/p>\n<p><span>A Associa\u00e7\u00e3o Nacional dos Fabricantes de Ve\u00edculos Automotores (Anfavea) trabalha com otimismo: a expectativa \u00e9 de aumento de 4% nas vendas at\u00e9 o fim do ano, para 2,05 milh\u00f5es de ve\u00edculos.<\/span><\/p>\n<p><span>As montadoras tamb\u00e9m surfam na onda do otimismo e j\u00e1 apostam numa retomada no longo prazo: a alem\u00e3 Volkswagen anunciou semana passada um investimento de 2,6 bilh\u00f5es de reais para a moderniza\u00e7\u00e3o da f\u00e1brica de S\u00e3o Bernardo do Campo (SP); a americana General Motors e a francesa Renault tamb\u00e9m anunciaram aportes no pa\u00eds \u2014 de 1,4 bilh\u00e3o de reais e 750 milh\u00f5es de reais, respectivamente.<\/span><\/p>\n<p><span>Embora melhores, as vendas de janeiro a julho deste somam 1,2 milh\u00e3o de unidades, um pouco acima dos 1,16 milh\u00e3o nos primeiros 7 meses de 2016. No ano passado como um todo, ficaram em 2 milh\u00f5es.\u00a0<\/span><\/p>\n<p><span>Apesar da alta, os n\u00fameros est\u00e3o muito abaixo daqueles alcan\u00e7ados em 2012 e 2013 \u2014 anos em que foram vendidos cerca de 3,8 e 3,75 milh\u00f5es de autom\u00f3veis, respectivamente.<\/p>\n<p>Fonte: Exame<\/span><\/p>\n","protected":false},"excerpt":{"rendered":"<p>A Fera\u00e7\u00e3o Nacional de Distribuidores de Ve\u00edculos\u00a0Automotores (Fenabrave), divulgou os dados sobre o emplacamento dos ve\u00edculos novos em agosto, e deve mostrar que a vida&#8230;<\/p>\n","protected":false},"author":1182,"featured_media":19069,"comment_status":"closed","ping_status":"closed","sticky":false,"template":"","format":"standard","meta":{"footnotes":""},"categories":[6],"tags":[],"class_list":["post-24605","post","type-post","status-publish","format-standard","has-post-thumbnail","hentry","category-noticias"],"_links":{"self":[{"href":"https:\/\/www.sincomam.org.br\/index.php\/wp-json\/wp\/v2\/posts\/24605","targetHints":{"allow":["GET"]}}],"collection":[{"href":"https:\/\/www.sincomam.org.br\/index.php\/wp-json\/wp\/v2\/posts"}],"about":[{"href":"https:\/\/www.sincomam.org.br\/index.php\/wp-json\/wp\/v2\/types\/post"}],"author":[{"embeddable":true,"href":"https:\/\/www.sincomam.org.br\/index.php\/wp-json\/wp\/v2\/users\/1182"}],"replies":[{"embeddable":true,"href":"https:\/\/www.sincomam.org.br\/index.php\/wp-json\/wp\/v2\/comments?post=24605"}],"version-history":[{"count":1,"href":"https:\/\/www.sincomam.org.br\/index.php\/wp-json\/wp\/v2\/posts\/24605\/revisions"}],"predecessor-version":[{"id":24606,"href":"https:\/\/www.sincomam.org.br\/index.php\/wp-json\/wp\/v2\/posts\/24605\/revisions\/24606"}],"wp:featuredmedia":[{"embeddable":true,"href":"https:\/\/www.sincomam.org.br\/index.php\/wp-json\/wp\/v2\/media\/19069"}],"wp:attachment":[{"href":"https:\/\/www.sincomam.org.br\/index.php\/wp-json\/wp\/v2\/media?parent=24605"}],"wp:term":[{"taxonomy":"category","embeddable":true,"href":"https:\/\/www.sincomam.org.br\/index.php\/wp-json\/wp\/v2\/categories?post=24605"},{"taxonomy":"post_tag","embeddable":true,"href":"https:\/\/www.sincomam.org.br\/index.php\/wp-json\/wp\/v2\/tags?post=24605"}],"curies":[{"name":"wp","href":"https:\/\/api.w.org\/{rel}","templated":true}]}}