{"id":24598,"date":"2017-09-01T08:34:39","date_gmt":"2017-09-01T11:34:39","guid":{"rendered":"http:\/\/www.sincomam.org.br\/?p=24598"},"modified":"2017-09-01T08:34:39","modified_gmt":"2017-09-01T11:34:39","slug":"pib-potencial-do-brasil-pode-dobrar-com-reformas","status":"publish","type":"post","link":"https:\/\/www.sincomam.org.br\/index.php\/pib-potencial-do-brasil-pode-dobrar-com-reformas\/","title":{"rendered":"PIB potencial do Brasil pode dobrar com reformas"},"content":{"rendered":"<p>Reformas microecon\u00f4micas e um ajuste fiscal vigoroso podem mais do que dobrar o PIB\u00a0potencial do Brasil, de 1,5% para 3,5%, de acordo com relat\u00f3rio divulgado pelo banco Ita\u00fa.<\/p>\n<p>PIB potencial \u00e9 o crescimento que pode acontecer de forma sustent\u00e1vel, sem gerar press\u00f5es inflacion\u00e1rias.<\/p>\n<p>Ou seja, o Brasil pode at\u00e9 crescer por algum tempo acima do 1,5% de PIB potencial atual, pois faria isso empregando quem hoje est\u00e1 desempregado e usando a capacidade instalada hoje parada.<\/p>\n<p>Mas se nada mudar e n\u00e3o quisermos aumentar a infla\u00e7\u00e3o, eventualmente o 1,5% ser\u00e1 um teto por causa de 3 problemas identificados pelo Ita\u00fa como estruturais.<\/p>\n<p>Um deles \u00e9 a baixa taxa dom\u00e9stica de poupan\u00e7a. Como tanto governo quanto cidad\u00e3os gastam al\u00e9m da conta, sobra pouco dinheiro para investir.<\/p>\n<p>Os recursos podem ser captados no exterior, mas n\u00e3o de forma sustent\u00e1vel e por muito tempo.<\/p>\n<p>\u201cA baixa poupan\u00e7a dom\u00e9stica limita os investimentos, o que diminui o ritmo de ac\u00famulo de capital e de ganhos de produtividade via absor\u00e7\u00e3o de novas tecnologias\u201d, diz o Ita\u00fa.<\/p>\n<p>Outro item que limita nosso crescimento, segundo o banco, s\u00e3o os desarranjos macroecon\u00f4micos, como os calotes do governo e surtos inflacion\u00e1rios. O c\u00e1lculo \u00e9 que sem esse hist\u00f3rico, nossa renda per capita seria 25% maior.<\/p>\n<p>\u201cO ajuste fiscal teria o duplo papel de aumentar a poupan\u00e7a dom\u00e9stica (aumentando a capacidade do pa\u00eds de investir) e garantir a sustentabilidade da d\u00edvida p\u00fablica (evitando desarranjos macroecon\u00f4micos futuros)\u201d, diz o banco.<\/p>\n<p>O terceiro e \u00faltimo fator que hoje limita nosso PIB potencial seriam as inefici\u00eancias macroecon\u00f4micas: o chamado Custo Brasil da confus\u00e3o regulat\u00f3ria, tribut\u00e1ria e trabalhista.<\/p>\n<p>Um relat\u00f3rio recente do banco j\u00e1 apontava o potencial da reforma trabalhista de\u00a0<span>aumentar a efici\u00eancia do mercado de trabalho e com isso reduzir o desemprego<\/span><span>\u00a0estrutural e elevar o PIB per capita.<\/span><\/p>\n<p>Agora, o banco tamb\u00e9m destaca a abertura econ\u00f4mica, a melhora da educa\u00e7\u00e3o e a nova taxa de empr\u00e9stimos de longo prazo do BNDES aprovada pela C\u00e2mara dos Deputados e encaminhada ao Senado.<\/p>\n<p><strong>Modelo<\/strong><\/p>\n<p>O c\u00e1lculo do Ita\u00fa se baseou no modelo de crescimento de Robert Solow, um economista americano. O PIB \u00e9 definido a partir de tr\u00eas fatores: popula\u00e7\u00e3o ocupada, estoque de capital e produtividade.<\/p>\n<p>O envelhecimento da popula\u00e7\u00e3o, por exemplo, faz com que a contribui\u00e7\u00e3o do item \u201cpopula\u00e7\u00e3o ocupada\u201d para o crescimento tenha recuado de 2,1 ponto percentual nos anos 60 para 0,8 p.p. nos \u00faltimos anos. N\u00e3o h\u00e1 muito o que fazer em rela\u00e7\u00e3o a isso.<\/p>\n<p>Tamb\u00e9m n\u00e3o d\u00e1 para contar com economia global forte e altas dos pre\u00e7os de commodities, itens que ajudaram muito na alta da produtividade entre 2003 e 2010 e s\u00e3o contabilizados como est\u00e1veis no modelo do Ita\u00fa.<\/p>\n<p>Para aumentar o PIB potencial, resta elevar o estoque de capital, ligado \u00e0 taxa de investimento j\u00e1 citada, e a produtividade, que pode ser impulsionada com reformas e diferentes pol\u00edticas p\u00fablicas.<\/p>\n<p>Mas o banco destaca que mesmo se o pa\u00eds conseguir crescer 3,5% por ano, ainda demorar\u00e1 muito para alcan\u00e7ar o padr\u00e3o de renda atual de pa\u00edses como\u00a0Rep\u00fablica Tcheca (26 anos), Portugal (29) e Chile (16).<\/p>\n","protected":false},"excerpt":{"rendered":"<p>Reformas microecon\u00f4micas e um ajuste fiscal vigoroso podem mais do que dobrar o PIB\u00a0potencial do Brasil, de 1,5% para 3,5%, de acordo com relat\u00f3rio divulgado&#8230;<\/p>\n","protected":false},"author":1182,"featured_media":18439,"comment_status":"closed","ping_status":"closed","sticky":false,"template":"","format":"standard","meta":{"footnotes":""},"categories":[1],"tags":[],"class_list":["post-24598","post","type-post","status-publish","format-standard","has-post-thumbnail","hentry","category-sem-categoria"],"_links":{"self":[{"href":"https:\/\/www.sincomam.org.br\/index.php\/wp-json\/wp\/v2\/posts\/24598","targetHints":{"allow":["GET"]}}],"collection":[{"href":"https:\/\/www.sincomam.org.br\/index.php\/wp-json\/wp\/v2\/posts"}],"about":[{"href":"https:\/\/www.sincomam.org.br\/index.php\/wp-json\/wp\/v2\/types\/post"}],"author":[{"embeddable":true,"href":"https:\/\/www.sincomam.org.br\/index.php\/wp-json\/wp\/v2\/users\/1182"}],"replies":[{"embeddable":true,"href":"https:\/\/www.sincomam.org.br\/index.php\/wp-json\/wp\/v2\/comments?post=24598"}],"version-history":[{"count":1,"href":"https:\/\/www.sincomam.org.br\/index.php\/wp-json\/wp\/v2\/posts\/24598\/revisions"}],"predecessor-version":[{"id":24600,"href":"https:\/\/www.sincomam.org.br\/index.php\/wp-json\/wp\/v2\/posts\/24598\/revisions\/24600"}],"wp:featuredmedia":[{"embeddable":true,"href":"https:\/\/www.sincomam.org.br\/index.php\/wp-json\/wp\/v2\/media\/18439"}],"wp:attachment":[{"href":"https:\/\/www.sincomam.org.br\/index.php\/wp-json\/wp\/v2\/media?parent=24598"}],"wp:term":[{"taxonomy":"category","embeddable":true,"href":"https:\/\/www.sincomam.org.br\/index.php\/wp-json\/wp\/v2\/categories?post=24598"},{"taxonomy":"post_tag","embeddable":true,"href":"https:\/\/www.sincomam.org.br\/index.php\/wp-json\/wp\/v2\/tags?post=24598"}],"curies":[{"name":"wp","href":"https:\/\/api.w.org\/{rel}","templated":true}]}}