{"id":24595,"date":"2017-09-06T00:05:57","date_gmt":"2017-09-06T03:05:57","guid":{"rendered":"http:\/\/sincomam.org.br\/?p=24595"},"modified":"2017-08-31T16:13:24","modified_gmt":"2017-08-31T19:13:24","slug":"governo-estuda-mudanca-na-estrutura-dos-correios","status":"publish","type":"post","link":"https:\/\/www.sincomam.org.br\/index.php\/governo-estuda-mudanca-na-estrutura-dos-correios\/","title":{"rendered":"Governo estuda mudan\u00e7a na estrutura dos Correios"},"content":{"rendered":"<div class=\"mc-column content-text active-extra-styles active-capital-letter\" data-block-type=\"unstyled\" data-block-weight=\"43\">\n<p class=\"content-text__container theme-color-primary-first-letter\" data-track-category=\"Link no Texto\" data-track-links=\"\">Os ministro de Ci\u00eancia, Tecnologia, Inova\u00e7\u00e3o e Comunica\u00e7\u00f5es, Gilberto Kassab, afirmou que o governo estuda uma mudan\u00e7a na estrutura dos Correios e que, entre as propostas em discuss\u00e3o, est\u00e3o a abertura de capital da estatal e at\u00e9 a sua privatiza\u00e7\u00e3o.<\/p>\n<\/div>\n<div class=\"mc-column content-text active-extra-styles \" data-block-type=\"unstyled\" data-block-weight=\"41\">\n<p class=\"content-text__container \" data-track-category=\"Link no Texto\" data-track-links=\"\">&#8220;N\u00e3o existe uma decis\u00e3o. Hoje temos um esfor\u00e7o grande para melhorar a gest\u00e3o [dos Correios]&#8221;, disse o ministro. Kassab afirmou ainda que existe, dentro do governo, quem defenda a privatiza\u00e7\u00e3o, a abertura de capital e que a empresa &#8220;fique como est\u00e1&#8221;.<\/p>\n<\/div>\n<div class=\"mc-column content-text active-extra-styles \" data-block-type=\"unstyled\" data-block-weight=\"31\">\n<p class=\"content-text__container \" data-track-category=\"Link no Texto\" data-track-links=\"\">De acordo com Kassab, qualquer solu\u00e7\u00e3o para os Correios ser\u00e1 feita com &#8220;cuidado&#8221;. &#8220;Defendo tamb\u00e9m que os Correios tenham um tratamento diferenciado, \u00e9 uma das empesas mais estimadas pelos brasileiros&#8221;, disse.<\/p>\n<\/div>\n<div class=\"mc-column content-text active-extra-styles \" data-block-type=\"unstyled\" data-block-weight=\"41\">\n<p class=\"content-text__container \" data-track-category=\"Link no Texto\" data-track-links=\"\">Em grave crise, os Correios acumulam preju\u00edzo de mais de R$ 4 bilh\u00f5es nos \u00faltimos dois anos. Para reduzir os gastos, a estatal fez uma reestrutura\u00e7\u00e3o interna, reduziu cargos de chefia e abriu tr\u00eas rodadas do Plano de Desligamento Incentivado (PDI).<\/p>\n<\/div>\n<div class=\"mc-column content-text active-extra-styles\" data-block-type=\"raw\" data-block-weight=\"2\">\n<div class=\"content-intertitle\">\n<h2>Pol\u00edtica industrial<\/h2>\n<\/div>\n<\/div>\n<div class=\"mc-column content-text active-extra-styles \" data-block-type=\"unstyled\" data-block-weight=\"35\">\n<p class=\"content-text__container \" data-track-category=\"Link no Texto\" data-track-links=\"\">Kassab disse ainda que o governo brasileiro vai recorrer da decis\u00e3o da Organiza\u00e7\u00e3o Mundial do Com\u00e9rcio (OMC)<span>\u00a0<\/span>que condenou programas de incentivo \u00e0 ind\u00fastria nacional. Entretanto, afirmou ele, o governo tamb\u00e9m prepara ajustes nessas pol\u00edticas.<\/p>\n<\/div>\n<div class=\"mc-column content-text active-extra-styles \" data-block-type=\"unstyled\" data-block-weight=\"18\">\n<p class=\"content-text__container \" data-track-category=\"Link no Texto\" data-track-links=\"\">&#8220;O governo brasileiro est\u00e1 preparado para qualquer aperfei\u00e7oamento que seja necess\u00e1rio fazer nas pol\u00edticas p\u00fablicas de incentivos&#8221;, disse.<\/p>\n<\/div>\n<div class=\"mc-column content-text active-extra-styles \" data-block-type=\"unstyled\" data-block-weight=\"20\">\n<p class=\"content-text__container \" data-track-category=\"Link no Texto\" data-track-links=\"\">Entre os incentivos considerados como ilegais pela OMC est\u00e3o os concedidos para o setor automotivo, de inform\u00e1tica e de telecomunica\u00e7\u00f5es.<\/p>\n<p>Fonte: G1<\/p>\n<\/div>\n","protected":false},"excerpt":{"rendered":"<p>Os ministro de Ci\u00eancia, Tecnologia, Inova\u00e7\u00e3o e Comunica\u00e7\u00f5es, Gilberto Kassab, afirmou que o governo estuda uma mudan\u00e7a na estrutura dos Correios e que, entre as&#8230;<\/p>\n","protected":false},"author":1182,"featured_media":19480,"comment_status":"closed","ping_status":"closed","sticky":false,"template":"","format":"standard","meta":{"footnotes":""},"categories":[6],"tags":[],"class_list":["post-24595","post","type-post","status-publish","format-standard","has-post-thumbnail","hentry","category-noticias"],"_links":{"self":[{"href":"https:\/\/www.sincomam.org.br\/index.php\/wp-json\/wp\/v2\/posts\/24595","targetHints":{"allow":["GET"]}}],"collection":[{"href":"https:\/\/www.sincomam.org.br\/index.php\/wp-json\/wp\/v2\/posts"}],"about":[{"href":"https:\/\/www.sincomam.org.br\/index.php\/wp-json\/wp\/v2\/types\/post"}],"author":[{"embeddable":true,"href":"https:\/\/www.sincomam.org.br\/index.php\/wp-json\/wp\/v2\/users\/1182"}],"replies":[{"embeddable":true,"href":"https:\/\/www.sincomam.org.br\/index.php\/wp-json\/wp\/v2\/comments?post=24595"}],"version-history":[{"count":1,"href":"https:\/\/www.sincomam.org.br\/index.php\/wp-json\/wp\/v2\/posts\/24595\/revisions"}],"predecessor-version":[{"id":24596,"href":"https:\/\/www.sincomam.org.br\/index.php\/wp-json\/wp\/v2\/posts\/24595\/revisions\/24596"}],"wp:featuredmedia":[{"embeddable":true,"href":"https:\/\/www.sincomam.org.br\/index.php\/wp-json\/wp\/v2\/media\/19480"}],"wp:attachment":[{"href":"https:\/\/www.sincomam.org.br\/index.php\/wp-json\/wp\/v2\/media?parent=24595"}],"wp:term":[{"taxonomy":"category","embeddable":true,"href":"https:\/\/www.sincomam.org.br\/index.php\/wp-json\/wp\/v2\/categories?post=24595"},{"taxonomy":"post_tag","embeddable":true,"href":"https:\/\/www.sincomam.org.br\/index.php\/wp-json\/wp\/v2\/tags?post=24595"}],"curies":[{"name":"wp","href":"https:\/\/api.w.org\/{rel}","templated":true}]}}