{"id":24580,"date":"2017-09-05T00:52:09","date_gmt":"2017-09-05T03:52:09","guid":{"rendered":"http:\/\/www.sincomam.org.br\/?p=24580"},"modified":"2017-08-31T08:52:57","modified_gmt":"2017-08-31T11:52:57","slug":"receita-do-setor-de-maquinas-e-equipamentos-tem-alta-anual-de-17-em-julho-diz-abimaq","status":"publish","type":"post","link":"https:\/\/www.sincomam.org.br\/index.php\/receita-do-setor-de-maquinas-e-equipamentos-tem-alta-anual-de-17-em-julho-diz-abimaq\/","title":{"rendered":"Receita do setor de m\u00e1quinas e equipamentos tem alta anual de 1,7% em julho, diz Abimaq"},"content":{"rendered":"<p>O faturamento do setor de m\u00e1quinas e equipamentos do Brasil avan\u00e7ou 1,7 por cento em julho ante mesmo m\u00eas no ano anterior, para 5,86 bilh\u00f5es de reais, informou nesta quarta-feira a Associa\u00e7\u00e3o Brasileira da Ind\u00fastria de M\u00e1quinas e Equipamentos (Abimaq).<\/p>\n<p>De acordo com a entidade, o \u00edndice de ocupa\u00e7\u00e3o da capacidade instalada do setor atingiu 73,2 por cento no per\u00edodo ante 67,1 por cento em julho de 2016.<\/p>\n<p>J\u00e1 a carteira de pedidos n\u00e3o acompanhou a tend\u00eancia e apresentou queda de 8 por cento em julho sobre um ano antes, para o equivalente a 2,5 meses de atividade.<\/p>\n<p>Fonte: Uol<\/p>\n","protected":false},"excerpt":{"rendered":"<p>O faturamento do setor de m\u00e1quinas e equipamentos do Brasil avan\u00e7ou 1,7 por cento em julho ante mesmo m\u00eas no ano anterior, para 5,86 bilh\u00f5es&#8230;<\/p>\n","protected":false},"author":1182,"featured_media":19391,"comment_status":"closed","ping_status":"closed","sticky":false,"template":"","format":"standard","meta":{"footnotes":""},"categories":[6],"tags":[],"class_list":["post-24580","post","type-post","status-publish","format-standard","has-post-thumbnail","hentry","category-noticias"],"_links":{"self":[{"href":"https:\/\/www.sincomam.org.br\/index.php\/wp-json\/wp\/v2\/posts\/24580","targetHints":{"allow":["GET"]}}],"collection":[{"href":"https:\/\/www.sincomam.org.br\/index.php\/wp-json\/wp\/v2\/posts"}],"about":[{"href":"https:\/\/www.sincomam.org.br\/index.php\/wp-json\/wp\/v2\/types\/post"}],"author":[{"embeddable":true,"href":"https:\/\/www.sincomam.org.br\/index.php\/wp-json\/wp\/v2\/users\/1182"}],"replies":[{"embeddable":true,"href":"https:\/\/www.sincomam.org.br\/index.php\/wp-json\/wp\/v2\/comments?post=24580"}],"version-history":[{"count":1,"href":"https:\/\/www.sincomam.org.br\/index.php\/wp-json\/wp\/v2\/posts\/24580\/revisions"}],"predecessor-version":[{"id":24581,"href":"https:\/\/www.sincomam.org.br\/index.php\/wp-json\/wp\/v2\/posts\/24580\/revisions\/24581"}],"wp:featuredmedia":[{"embeddable":true,"href":"https:\/\/www.sincomam.org.br\/index.php\/wp-json\/wp\/v2\/media\/19391"}],"wp:attachment":[{"href":"https:\/\/www.sincomam.org.br\/index.php\/wp-json\/wp\/v2\/media?parent=24580"}],"wp:term":[{"taxonomy":"category","embeddable":true,"href":"https:\/\/www.sincomam.org.br\/index.php\/wp-json\/wp\/v2\/categories?post=24580"},{"taxonomy":"post_tag","embeddable":true,"href":"https:\/\/www.sincomam.org.br\/index.php\/wp-json\/wp\/v2\/tags?post=24580"}],"curies":[{"name":"wp","href":"https:\/\/api.w.org\/{rel}","templated":true}]}}