{"id":24557,"date":"2017-08-31T08:29:37","date_gmt":"2017-08-31T11:29:37","guid":{"rendered":"http:\/\/www.sincomam.org.br\/?p=24557"},"modified":"2017-08-31T08:29:37","modified_gmt":"2017-08-31T11:29:37","slug":"brasil-tenta-eliminar-restricoes-ao-comercio-de-carne","status":"publish","type":"post","link":"https:\/\/www.sincomam.org.br\/index.php\/brasil-tenta-eliminar-restricoes-ao-comercio-de-carne\/","title":{"rendered":"Brasil tenta eliminar restri\u00e7\u00f5es ao com\u00e9rcio de carne"},"content":{"rendered":"<p>O Brasil est\u00e1 engajado nas negocia\u00e7\u00f5es do comit\u00ea da OMC (Organiza\u00e7\u00e3o Mundial do Com\u00e9rcio) com o objetivo de eliminar qualquer potencial barreira \u00e0s exporta\u00e7\u00f5es de carnes su\u00edna e de frango, com uma reuni\u00e3o em dezembro sendo a pr\u00f3xima oportunidade para avan\u00e7ar com os acordos que beneficiem suas exporta\u00e7\u00f5es agr\u00edcolas, disse o diretor-geral da OMC, Roberto Azev\u00eado.<\/p>\n<p>O Brasil prop\u00f4s a ado\u00e7\u00e3o de crit\u00e9rios cient\u00edficos relacionados a padr\u00f5es sanit\u00e1rios no com\u00e9rcio de alimentos em um comit\u00ea da OMC, disse Azev\u00eado em uma confer\u00eancia.<\/p>\n<p>O Brasil e a Europa t\u00eam interesse em avan\u00e7ar nas negocia\u00e7\u00f5es para reduzir os subs\u00eddios que distorcem o com\u00e9rcio, embora n\u00e3o hajcarne a acordo em vista, completou ele. A UE, o Brasil e outros tr\u00eas pa\u00edses da Am\u00e9rica Latina implementaram uma proposta da OMC em julho para reduzir os subs\u00eddios agr\u00edcolas.<\/p>\n<p>&#8220;Para que seja poss\u00edvel reduzir os subs\u00eddios, \u00e9 necess\u00e1rio que todos os pa\u00edses mudem. Caso contr\u00e1rio, \u00e9 como o desarmamento unilateral&#8221;, afirmou Azev\u00eado.<\/p>\n<p>A OMC realizar\u00e1 uma confer\u00eancia ministerial em Buenos Aires no in\u00edcio de dezembro.<\/p>\n<p>As declara\u00e7\u00f5es de Azev\u00eado ressaltaram a import\u00e2ncia de eliminar barreiras protecionistas em um momento em que o crescimento do com\u00e9rcio global permanece fraco.<\/p>\n<p>A OMC prev\u00ea que 2017 ser\u00e1 o sexto ano consecutivo de crescimento do com\u00e9rcio global abaixo de 3%, sendo esse o ritmo mais lento de crescimento desde a Segunda Guerra Mundial, disse ele.<\/p>\n<p>O ministro da Agricultura do Brasil, Blairo Maggi, disse nesta ter\u00e7a que o recente esc\u00e2ndalo sobre a ind\u00fastria de carne do pa\u00eds ap\u00f3s a Opera\u00e7\u00e3o Carne Fraca obrigou o governo a revisar a fiscaliza\u00e7\u00e3o e os sistemas de controle de qualidade para preservar o acesso do pa\u00eds a mercados importantes.<\/p>\n<p>Fazendo refer\u00eancia \u00e0 opera\u00e7\u00e3o policial que denunciou em mar\u00e7o empresas acusadas de pagar propinas a fiscais para evitar que seus produtos fossem vistoriados, Maggi disse que as mudan\u00e7as visam acabar com qualquer forma de interfer\u00eancia pol\u00edtica sobre os processos de fiscaliza\u00e7\u00e3o.<\/p>\n<p>Mais detalhes sobre essa revis\u00e3o ser\u00e3o anunciados em breve, disse o ministro, ao participar de evento da ind\u00fastria em S\u00e3o Paulo.\u00a0<\/p>\n<p>Fonte: Folha SP<\/p>\n","protected":false},"excerpt":{"rendered":"<p>O Brasil est\u00e1 engajado nas negocia\u00e7\u00f5es do comit\u00ea da OMC (Organiza\u00e7\u00e3o Mundial do Com\u00e9rcio) com o objetivo de eliminar qualquer potencial barreira \u00e0s exporta\u00e7\u00f5es de&#8230;<\/p>\n","protected":false},"author":1182,"featured_media":22920,"comment_status":"closed","ping_status":"closed","sticky":false,"template":"","format":"standard","meta":{"footnotes":""},"categories":[6],"tags":[],"class_list":["post-24557","post","type-post","status-publish","format-standard","has-post-thumbnail","hentry","category-noticias"],"_links":{"self":[{"href":"https:\/\/www.sincomam.org.br\/index.php\/wp-json\/wp\/v2\/posts\/24557","targetHints":{"allow":["GET"]}}],"collection":[{"href":"https:\/\/www.sincomam.org.br\/index.php\/wp-json\/wp\/v2\/posts"}],"about":[{"href":"https:\/\/www.sincomam.org.br\/index.php\/wp-json\/wp\/v2\/types\/post"}],"author":[{"embeddable":true,"href":"https:\/\/www.sincomam.org.br\/index.php\/wp-json\/wp\/v2\/users\/1182"}],"replies":[{"embeddable":true,"href":"https:\/\/www.sincomam.org.br\/index.php\/wp-json\/wp\/v2\/comments?post=24557"}],"version-history":[{"count":1,"href":"https:\/\/www.sincomam.org.br\/index.php\/wp-json\/wp\/v2\/posts\/24557\/revisions"}],"predecessor-version":[{"id":24558,"href":"https:\/\/www.sincomam.org.br\/index.php\/wp-json\/wp\/v2\/posts\/24557\/revisions\/24558"}],"wp:featuredmedia":[{"embeddable":true,"href":"https:\/\/www.sincomam.org.br\/index.php\/wp-json\/wp\/v2\/media\/22920"}],"wp:attachment":[{"href":"https:\/\/www.sincomam.org.br\/index.php\/wp-json\/wp\/v2\/media?parent=24557"}],"wp:term":[{"taxonomy":"category","embeddable":true,"href":"https:\/\/www.sincomam.org.br\/index.php\/wp-json\/wp\/v2\/categories?post=24557"},{"taxonomy":"post_tag","embeddable":true,"href":"https:\/\/www.sincomam.org.br\/index.php\/wp-json\/wp\/v2\/tags?post=24557"}],"curies":[{"name":"wp","href":"https:\/\/api.w.org\/{rel}","templated":true}]}}