{"id":24544,"date":"2017-08-31T00:36:46","date_gmt":"2017-08-31T03:36:46","guid":{"rendered":"http:\/\/www.sincomam.org.br\/?p=24544"},"modified":"2017-08-29T09:46:58","modified_gmt":"2017-08-29T12:46:58","slug":"porto-de-paranagua-reduz-acidentes-de-trabalho-em-56","status":"publish","type":"post","link":"https:\/\/www.sincomam.org.br\/index.php\/porto-de-paranagua-reduz-acidentes-de-trabalho-em-56\/","title":{"rendered":"Porto de Paranagu\u00e1 reduz acidentes de trabalho em 56%"},"content":{"rendered":"<p>No Dia Nacional de Preven\u00e7\u00e3o de Acidentes de Trabalho, \u00a0a Administra\u00e7\u00e3o dos Portos de Paranagu\u00e1 e Antonina (Appa) comemorou a redu\u00e7\u00e3o em 56% no n\u00famero de ocorr\u00eancias desde 2015. A queda \u00e9 fruto de a\u00e7\u00f5es cont\u00ednuas de preven\u00e7\u00e3o e fiscaliza\u00e7\u00e3o que foram padronizadas e intensificadas desde 2015 junto a terminais, empregados, empregadores, operadores e visitantes.<\/p>\n<p>\u201cTodo o trabalho \u00e9 executado com base no Regulamento de Gest\u00e3o Integrada, documento criado por meio da Ordem de Servi\u00e7o 133\/2016, que estabelece condutas adequadas para a seguran\u00e7a das pessoas e a prote\u00e7\u00e3o do meio ambiente\u201d, afirmou o diretor-presidente da Appa, Luiz Henrique Dividino.<\/p>\n<p>Os dados indicam que as a\u00e7\u00f5es t\u00eam cumprido o prop\u00f3sito e devem ser permanentes no dia a dia das atividades portu\u00e1rias. Segundo Dividino, o objetivo da Appa \u00e9 envolver cada vez mais pessoas na conscientiza\u00e7\u00e3o sobre a\u00e7\u00f5es de seguran\u00e7a no trabalho, n\u00e3o apenas nesta semana, mas todos os dias do ano\u201d, acrescentou.<\/p>\n<p><strong>FISCALIZA\u00c7\u00c3O<\/strong><\/p>\n<p>Todas as atividades na \u00e1rea portu\u00e1ria s\u00e3o fiscalizadas e acompanhadas por uma equipe formada por 8 t\u00e9cnicos e um engenheiro de seguran\u00e7a do trabalho. Al\u00e9m disso, em v\u00e1rios pontos da faixa portu\u00e1ria, placas sobre condutas seguras alertam os motoristas sobre a\u00e7\u00f5es necess\u00e1rias \u00e0 sua seguran\u00e7a.<\/p>\n<p>Quem executa tarefas no cais precisa ter um kit de Equipamentos de Prote\u00e7\u00e3o Individual (EPIs) composto por capacete, botas especiais, luvas, m\u00e1scara, protetores de ouvido e \u00f3culos, entre outros itens, dependendo da natureza do servi\u00e7o e do local onde \u00e9 executado.<\/p>\n<p>Quem executa tarefas no cais precisa ter um kit de Equipamentos de Prote\u00e7\u00e3o Individual<\/p>\n<p>O acesso a essa \u00e1rea tamb\u00e9m \u00e9 monitorado e autorizado apenas com registro biom\u00e9trico. Sinaliza\u00e7\u00f5es padronizadas indicam locais de risco e normas a serem seguidas, entre elas o limite de 30 quil\u00f4metros por hora para ve\u00edculos que transitam na faixa.<\/p>\n<p>QUALIDADE &#8211; Para o gerente operacional do \u00d3rg\u00e3o Gestor de M\u00e3o de Obra (Ogmo), Manoel Rubens de Magalh\u00e3es Filho, a seguran\u00e7a no trabalho tem sido cada vez mais refor\u00e7ada e isso influencia diretamente na qualidade dos servi\u00e7os prestados. \u201cEssas a\u00e7\u00f5es mostram que quando as condi\u00e7\u00f5es de trabalho melhoram, os resultados positivos v\u00eam. E quanto mais segura \u00e9 uma atividade mais qualidade ela tem\u201d, disse.<\/p>\n<p><strong>TRABALHO EM ALTURA<\/strong><\/p>\n<p>Os funcion\u00e1rios que trabalham a dois metros de altura ou mais recebem uma aten\u00e7\u00e3o especial. Uma plataforma elevada, com itens que envolvem cinto e corda, garante a execu\u00e7\u00e3o do trabalho de forma tranquila e segura, de acordo com as normas brasileiras.<\/p>\n<p><strong>SEGURAN\u00c7A E MEIO AMBIENTE<\/strong><\/p>\n<p>Al\u00e9m da preven\u00e7\u00e3o de acidentes, outra preocupa\u00e7\u00e3o \u00e9 com a qualidade da sa\u00fade das comunidades local e portu\u00e1ria, a curto, m\u00e9dio e longo prazo. Por isso, juntamente com a\u00e7\u00f5es de preserva\u00e7\u00e3o da natureza h\u00e1 monitoramentos peri\u00f3dicos sobre a emiss\u00e3o de fuma\u00e7as, intensidade dos ru\u00eddos, entre outros. Campanhas de educa\u00e7\u00e3o e conscientiza\u00e7\u00e3o tamb\u00e9m s\u00e3o promovidas com trabalhadores, moradores e alunos que visitam os portos.<\/p>\n<p>Fonte: Folha do Litoral<\/p>\n","protected":false},"excerpt":{"rendered":"<p>No Dia Nacional de Preven\u00e7\u00e3o de Acidentes de Trabalho, \u00a0a Administra\u00e7\u00e3o dos Portos de Paranagu\u00e1 e Antonina (Appa) comemorou a redu\u00e7\u00e3o em 56% no n\u00famero&#8230;<\/p>\n","protected":false},"author":1182,"featured_media":18961,"comment_status":"closed","ping_status":"closed","sticky":false,"template":"","format":"standard","meta":{"footnotes":""},"categories":[6],"tags":[],"class_list":["post-24544","post","type-post","status-publish","format-standard","has-post-thumbnail","hentry","category-noticias"],"_links":{"self":[{"href":"https:\/\/www.sincomam.org.br\/index.php\/wp-json\/wp\/v2\/posts\/24544","targetHints":{"allow":["GET"]}}],"collection":[{"href":"https:\/\/www.sincomam.org.br\/index.php\/wp-json\/wp\/v2\/posts"}],"about":[{"href":"https:\/\/www.sincomam.org.br\/index.php\/wp-json\/wp\/v2\/types\/post"}],"author":[{"embeddable":true,"href":"https:\/\/www.sincomam.org.br\/index.php\/wp-json\/wp\/v2\/users\/1182"}],"replies":[{"embeddable":true,"href":"https:\/\/www.sincomam.org.br\/index.php\/wp-json\/wp\/v2\/comments?post=24544"}],"version-history":[{"count":1,"href":"https:\/\/www.sincomam.org.br\/index.php\/wp-json\/wp\/v2\/posts\/24544\/revisions"}],"predecessor-version":[{"id":24545,"href":"https:\/\/www.sincomam.org.br\/index.php\/wp-json\/wp\/v2\/posts\/24544\/revisions\/24545"}],"wp:featuredmedia":[{"embeddable":true,"href":"https:\/\/www.sincomam.org.br\/index.php\/wp-json\/wp\/v2\/media\/18961"}],"wp:attachment":[{"href":"https:\/\/www.sincomam.org.br\/index.php\/wp-json\/wp\/v2\/media?parent=24544"}],"wp:term":[{"taxonomy":"category","embeddable":true,"href":"https:\/\/www.sincomam.org.br\/index.php\/wp-json\/wp\/v2\/categories?post=24544"},{"taxonomy":"post_tag","embeddable":true,"href":"https:\/\/www.sincomam.org.br\/index.php\/wp-json\/wp\/v2\/tags?post=24544"}],"curies":[{"name":"wp","href":"https:\/\/api.w.org\/{rel}","templated":true}]}}