{"id":24542,"date":"2017-08-30T00:34:07","date_gmt":"2017-08-30T03:34:07","guid":{"rendered":"http:\/\/www.sincomam.org.br\/?p=24542"},"modified":"2017-08-29T09:36:37","modified_gmt":"2017-08-29T12:36:37","slug":"desmonte-da-industria-naval-pelo-governo-temer-sera-tema-de-audiencia-na-al-rs","status":"publish","type":"post","link":"https:\/\/www.sincomam.org.br\/index.php\/desmonte-da-industria-naval-pelo-governo-temer-sera-tema-de-audiencia-na-al-rs\/","title":{"rendered":"Desmonte da ind\u00fastria naval pelo governo Temer ser\u00e1 tema de audi\u00eancia na AL-RS"},"content":{"rendered":"<p>Duas frentes se encontram na Assembleia Legislativa para discutir a situa\u00e7\u00e3o da ind\u00fastria naval. A Frente em Defesa do Polo Naval de Rio Grande, coordenada pelo deputado estadual Nelsinho Metal\u00fargico (PT), e a Frente em Defesa da Ind\u00fastria Naval Brasileira, liderada pelo deputado federal Henrique Fontana (PT). A reuni\u00e3o discute a\u00e7\u00f5es e medidas para barrar cortes e desmontes do governo de Michel Temer (PMDB) que tem atingido o setor.<\/p>\n<p>Al\u00e9m de parlamentares, o encontro contar\u00e1 ainda com a presen\u00e7a de prefeitos da regi\u00e3o sul do estado, representantes de universidades, sindicatos e sociedade civil.<\/p>\n<p>\u201cEst\u00e1 em curso um crime de altas propor\u00e7\u00f5es contra a economia brasileira e a economia ga\u00facha. O polo naval representa para o Rio Grande do Sul hoje o que o polo petroqu\u00edmico representou h\u00e1 algumas d\u00e9cadas, constituindo-se em um dos vetores mais potentes de pol\u00edtica de desenvolvimento industrial, que est\u00e1, progressivamente, sendo perdido\u201d, avalia Fontana.<\/p>\n<p>A estimativa \u00e9 de que as medidas do governo federal j\u00e1 tenham reduzido o n\u00famero de 80 mil trabalhadores na \u00e1rea da ind\u00fastria naval, para 30 mil. Em Rio Grande, por exemplo, os 21 mil empregos ca\u00edram para tr\u00eas mil. \u201cN\u00e3o \u00e9 poss\u00edvel que todo o investimento realizado na P71 em Rio Grande vire sucata. A redu\u00e7\u00e3o da ind\u00fastria naval representa a perda de R$ 150 milh\u00f5es para o Rio Grande do Sul. Uma pol\u00edtica equivocada que d\u00e1 as costas para o povo brasileiro\u201d, avalia Nelsinho.<\/p>\n<p>A reuni\u00e3o conjunta das frentes parlamentares ser\u00e1 realizada a partir das 9 horas, no Plenarinho da Assembleia Legislativa ga\u00facha.<\/p>\n<p>Fonte: Sul21<\/p>\n","protected":false},"excerpt":{"rendered":"<p>Duas frentes se encontram na Assembleia Legislativa para discutir a situa\u00e7\u00e3o da ind\u00fastria naval. A Frente em Defesa do Polo Naval de Rio Grande, coordenada&#8230;<\/p>\n","protected":false},"author":1182,"featured_media":12223,"comment_status":"closed","ping_status":"closed","sticky":false,"template":"","format":"standard","meta":{"footnotes":""},"categories":[6],"tags":[],"class_list":["post-24542","post","type-post","status-publish","format-standard","has-post-thumbnail","hentry","category-noticias"],"_links":{"self":[{"href":"https:\/\/www.sincomam.org.br\/index.php\/wp-json\/wp\/v2\/posts\/24542","targetHints":{"allow":["GET"]}}],"collection":[{"href":"https:\/\/www.sincomam.org.br\/index.php\/wp-json\/wp\/v2\/posts"}],"about":[{"href":"https:\/\/www.sincomam.org.br\/index.php\/wp-json\/wp\/v2\/types\/post"}],"author":[{"embeddable":true,"href":"https:\/\/www.sincomam.org.br\/index.php\/wp-json\/wp\/v2\/users\/1182"}],"replies":[{"embeddable":true,"href":"https:\/\/www.sincomam.org.br\/index.php\/wp-json\/wp\/v2\/comments?post=24542"}],"version-history":[{"count":1,"href":"https:\/\/www.sincomam.org.br\/index.php\/wp-json\/wp\/v2\/posts\/24542\/revisions"}],"predecessor-version":[{"id":24543,"href":"https:\/\/www.sincomam.org.br\/index.php\/wp-json\/wp\/v2\/posts\/24542\/revisions\/24543"}],"wp:featuredmedia":[{"embeddable":true,"href":"https:\/\/www.sincomam.org.br\/index.php\/wp-json\/wp\/v2\/media\/12223"}],"wp:attachment":[{"href":"https:\/\/www.sincomam.org.br\/index.php\/wp-json\/wp\/v2\/media?parent=24542"}],"wp:term":[{"taxonomy":"category","embeddable":true,"href":"https:\/\/www.sincomam.org.br\/index.php\/wp-json\/wp\/v2\/categories?post=24542"},{"taxonomy":"post_tag","embeddable":true,"href":"https:\/\/www.sincomam.org.br\/index.php\/wp-json\/wp\/v2\/tags?post=24542"}],"curies":[{"name":"wp","href":"https:\/\/api.w.org\/{rel}","templated":true}]}}