{"id":24540,"date":"2017-08-31T00:33:17","date_gmt":"2017-08-31T03:33:17","guid":{"rendered":"http:\/\/www.sincomam.org.br\/?p=24540"},"modified":"2017-08-31T08:24:52","modified_gmt":"2017-08-31T11:24:52","slug":"pecem-e-roterda-parceria-deve-incluir-gestao-do-cipp","status":"publish","type":"post","link":"https:\/\/www.sincomam.org.br\/index.php\/pecem-e-roterda-parceria-deve-incluir-gestao-do-cipp\/","title":{"rendered":"Pec\u00e9m e Roterd\u00e3: parceria deve incluir gest\u00e3o do Cipp"},"content":{"rendered":"<p>O Governo enviou \u00e0 Assembleia Legislativa uma mensagem que pretende ampliar a abrang\u00eancia da Cear\u00e1portos, que hoje administra o Porto do Pec\u00e9m<\/p>\n<p>Caso a parceria entre o Governo do Estado e a Autoridade do Porto de Roterd\u00e3 seja confirmada, a gest\u00e3o compartilhada do Terminal Portu\u00e1rio do Pec\u00e9m dever\u00e1 abranger tamb\u00e9m a do Complexo Industrial e Portu\u00e1rio do Pec\u00e9m (Cipp). No \u00faltimo dia 11, o governador enviou \u00e0 Assembleia Legislativa uma mensagem (n\u00ba 8163) que altera a legisla\u00e7\u00e3o que trata da Companhia de Integra\u00e7\u00e3o Portu\u00e1ria do Cear\u00e1 (Cear\u00e1portos).<\/p>\n<p>A proposta do governo pretende modificar tamb\u00e9m a legisla\u00e7\u00e3o que trata da atua\u00e7\u00e3o da Companhia Administradora da Zona de Processamento de Exporta\u00e7\u00e3o do Cear\u00e1 (ZPE Cear\u00e1), para que atue de maneira integrada \u00e0 Cear\u00e1portos. A expectativa do Governo do Cear\u00e1 \u00e9 que a parceria com o Porto de Roterd\u00e3 seja firmada at\u00e9 dezembro para que em 2018 seja iniciada a gest\u00e3o compartilhada entre o Estado e os holandeses.<\/p>\n<p>A mensagem tamb\u00e9m prop\u00f5e a modifica\u00e7\u00e3o da denomina\u00e7\u00e3o social da Cear\u00e1portos para Complexo Industrial e Portu\u00e1rio do Pec\u00e9m S.A. (Cipp S.A.), evidenciando a maior abrang\u00eancia da atua\u00e7\u00e3o desta companhia, que passa a atuar vinculada administrativamente \u00e0 SDE, e n\u00e3o mais \u00e0 Secretaria de Infraestrutura do Estado (Seinfra).<\/p>\n<p>Segundo o texto da mensagem do governador, as &#8220;mudan\u00e7as s\u00e3o necess\u00e1rias para incrementar a atua\u00e7\u00e3o dessas duas companhias estaduais, essenciais para promover de maneira ainda mais efetiva o desenvolvimento econ\u00f4mico e social do Estado do Cear\u00e1, notadamente do Complexo Industrial e Portu\u00e1rio do Pec\u00e9m&#8221;. Em setembro, diretores da Autoridade do Porto de Roterd\u00e3, entre os quais o CEO da entidade, Ren\u00e9 van Der Plas, dever\u00e3o estar no Cear\u00e1 para ratificar o Memorando de Entendimento (MoU) firmado com a Cear\u00e1portos em mar\u00e7o.<\/p>\n<p>Segundo o titular da Secretaria de Desenvolvimento Econ\u00f4mico Cear\u00e1 (SDE), C\u00e9sar Ribeiro, nos pr\u00f3ximos 15 dias, o governo deve se reunir com representantes do Porto de Roterd\u00e3, possivelmente em Lisboa, para tratar do cronograma.<\/p>\n<p>&#8220;Essa reuni\u00e3o \u00e9 para definir os \u00faltimos detalhes. O cronograma est\u00e1 rigorosamente em dia e foi um compromisso do governador com o CEO do Porto de Roterd\u00e3&#8221;, diz Ribeiro. &#8220;H\u00e1 um interesse muito grande, dos dois lados, nessa parceria. Isso vai mudar a realidade do Porto do Pec\u00e9m, da ZPE, e do complexo como um todo&#8221;, acrescenta o titular da SDE.<\/p>\n<p>Segundo Ribeiro, no momento est\u00e3o sendo tratadas quest\u00f5es operacionais, de como seria o modelo de parceria, de como seria a participa\u00e7\u00e3o do Estado nas opera\u00e7\u00f5es e diretorias, a defini\u00e7\u00e3o dos valores dos espa\u00e7os e \u00e1reas do complexo, da expectativa de movimenta\u00e7\u00e3o de cargas, dentre outros fatores. &#8220;Esse \u00e9 um processo muito complexo. A gente est\u00e1 muito otimista por tudo o que o Porto de Roterd\u00e3 j\u00e1 fez em outros portos&#8221;.<\/p>\n<p>Fonte: Di\u00e1rio do Nordeste<\/p>\n","protected":false},"excerpt":{"rendered":"<p>O Governo enviou \u00e0 Assembleia Legislativa uma mensagem que pretende ampliar a abrang\u00eancia da Cear\u00e1portos, que hoje administra o Porto do Pec\u00e9m Caso a parceria&#8230;<\/p>\n","protected":false},"author":1182,"featured_media":19265,"comment_status":"closed","ping_status":"closed","sticky":false,"template":"","format":"standard","meta":{"footnotes":""},"categories":[6],"tags":[],"class_list":["post-24540","post","type-post","status-publish","format-standard","has-post-thumbnail","hentry","category-noticias"],"_links":{"self":[{"href":"https:\/\/www.sincomam.org.br\/index.php\/wp-json\/wp\/v2\/posts\/24540","targetHints":{"allow":["GET"]}}],"collection":[{"href":"https:\/\/www.sincomam.org.br\/index.php\/wp-json\/wp\/v2\/posts"}],"about":[{"href":"https:\/\/www.sincomam.org.br\/index.php\/wp-json\/wp\/v2\/types\/post"}],"author":[{"embeddable":true,"href":"https:\/\/www.sincomam.org.br\/index.php\/wp-json\/wp\/v2\/users\/1182"}],"replies":[{"embeddable":true,"href":"https:\/\/www.sincomam.org.br\/index.php\/wp-json\/wp\/v2\/comments?post=24540"}],"version-history":[{"count":1,"href":"https:\/\/www.sincomam.org.br\/index.php\/wp-json\/wp\/v2\/posts\/24540\/revisions"}],"predecessor-version":[{"id":24541,"href":"https:\/\/www.sincomam.org.br\/index.php\/wp-json\/wp\/v2\/posts\/24540\/revisions\/24541"}],"wp:featuredmedia":[{"embeddable":true,"href":"https:\/\/www.sincomam.org.br\/index.php\/wp-json\/wp\/v2\/media\/19265"}],"wp:attachment":[{"href":"https:\/\/www.sincomam.org.br\/index.php\/wp-json\/wp\/v2\/media?parent=24540"}],"wp:term":[{"taxonomy":"category","embeddable":true,"href":"https:\/\/www.sincomam.org.br\/index.php\/wp-json\/wp\/v2\/categories?post=24540"},{"taxonomy":"post_tag","embeddable":true,"href":"https:\/\/www.sincomam.org.br\/index.php\/wp-json\/wp\/v2\/tags?post=24540"}],"curies":[{"name":"wp","href":"https:\/\/api.w.org\/{rel}","templated":true}]}}