{"id":24536,"date":"2017-08-30T00:28:52","date_gmt":"2017-08-30T03:28:52","guid":{"rendered":"http:\/\/www.sincomam.org.br\/?p=24536"},"modified":"2017-08-29T09:31:25","modified_gmt":"2017-08-29T12:31:25","slug":"trabalhadores-da-codesp-suspendem-paralisacao","status":"publish","type":"post","link":"https:\/\/www.sincomam.org.br\/index.php\/trabalhadores-da-codesp-suspendem-paralisacao\/","title":{"rendered":"Trabalhadores da Codesp suspendem paralisa\u00e7\u00e3o"},"content":{"rendered":"<p>Os portu\u00e1rios decidiram suspender a paralisa\u00e7\u00e3o de 24 horas prevista para a \u00faltima segunda-feira.\u00a0A decis\u00e3o foi tomada, segundo o Sindicato dos Empregados na Administra\u00e7\u00e3o Portu\u00e1ria (Sindaport), ap\u00f3s a Companhia Docas do Estado de S\u00e3o Paulo (Codesp) aceitar parte da contraproposta elaborada pelos trabalhadores.\u00a0<\/p>\n<p>A possibilidade de paralisa\u00e7\u00e3o foi anunciada na \u00faltima semana, caso a estatal n\u00e3o aprovasse a contraproposta formulada pela categoria. Mas, segundo o sindicato, \u00a0empresa e sindicato conversaram sobre os itens das reivindica\u00e7\u00f5es e alguns foram atendidos.<\/p>\n<p>&#8220;Vamos continuar conversando com a Codesp para que o aumento salarial seja dado de acordo com o INPC. Vamos pressionar a Sest, a Secretaria de Portos e o Minist\u00e9rio dos Transportes para que o reajuste salarial seja autorizado e pago retroativamente a 1\u00ba de junho, data-base da categoria&#8221;, afirmou o presidente da entidade sindical, Everandy Cirino dos Santos.\u00a0 \u00a0 \u00a0 \u00a0 \u00a0 \u00a0 \u00a0 \u00a0 \u00a0 \u00a0 \u00a0 \u00a0\u00a0<\/p>\n<p>Segundo o Sindaport, a Codesp decidiu manter o adicional noturno em 50%. Quanto a reajuste salarial, o sindicato informou que vai esperar uma posi\u00e7\u00e3o da Codesp nos pr\u00f3ximos 60 dias, uma vez que a estatal falou sobre a possibilidade de uma reuni\u00e3o conjunta, em Bras\u00edlia, na sede da Secretaria de Coordena\u00e7\u00e3o e Governan\u00e7a das Empresas Estatais (Sest).\u00a0<\/p>\n<p>O pagamento do vale-refei\u00e7\u00e3o\/alimenta\u00e7\u00e3o extra no m\u00eas de dezembro foi mantido e, seguindo a exig\u00eancia da Lei n\u00ba 9.656\/98, vi\u00favas e dependentes ter\u00e3o que pagar, a partir de agora, 100% do valor do plano de sa\u00fade.\u00a0<\/p>\n<p>A Codesp recuou da proposta do empr\u00e9stimo de f\u00e9rias e manteve a decis\u00e3o de pagar adicional referente ao quebra de caixa apenas para os funcion\u00e1rios que manuseiam dinheiro na tesouraria.<\/p>\n<p>Fonte: A Tribuna<\/p>\n","protected":false},"excerpt":{"rendered":"<p>Os portu\u00e1rios decidiram suspender a paralisa\u00e7\u00e3o de 24 horas prevista para a \u00faltima segunda-feira.\u00a0A decis\u00e3o foi tomada, segundo o Sindicato dos Empregados na Administra\u00e7\u00e3o Portu\u00e1ria&#8230;<\/p>\n","protected":false},"author":1182,"featured_media":18319,"comment_status":"closed","ping_status":"closed","sticky":false,"template":"","format":"standard","meta":{"footnotes":""},"categories":[6],"tags":[],"class_list":["post-24536","post","type-post","status-publish","format-standard","has-post-thumbnail","hentry","category-noticias"],"_links":{"self":[{"href":"https:\/\/www.sincomam.org.br\/index.php\/wp-json\/wp\/v2\/posts\/24536","targetHints":{"allow":["GET"]}}],"collection":[{"href":"https:\/\/www.sincomam.org.br\/index.php\/wp-json\/wp\/v2\/posts"}],"about":[{"href":"https:\/\/www.sincomam.org.br\/index.php\/wp-json\/wp\/v2\/types\/post"}],"author":[{"embeddable":true,"href":"https:\/\/www.sincomam.org.br\/index.php\/wp-json\/wp\/v2\/users\/1182"}],"replies":[{"embeddable":true,"href":"https:\/\/www.sincomam.org.br\/index.php\/wp-json\/wp\/v2\/comments?post=24536"}],"version-history":[{"count":1,"href":"https:\/\/www.sincomam.org.br\/index.php\/wp-json\/wp\/v2\/posts\/24536\/revisions"}],"predecessor-version":[{"id":24537,"href":"https:\/\/www.sincomam.org.br\/index.php\/wp-json\/wp\/v2\/posts\/24536\/revisions\/24537"}],"wp:featuredmedia":[{"embeddable":true,"href":"https:\/\/www.sincomam.org.br\/index.php\/wp-json\/wp\/v2\/media\/18319"}],"wp:attachment":[{"href":"https:\/\/www.sincomam.org.br\/index.php\/wp-json\/wp\/v2\/media?parent=24536"}],"wp:term":[{"taxonomy":"category","embeddable":true,"href":"https:\/\/www.sincomam.org.br\/index.php\/wp-json\/wp\/v2\/categories?post=24536"},{"taxonomy":"post_tag","embeddable":true,"href":"https:\/\/www.sincomam.org.br\/index.php\/wp-json\/wp\/v2\/tags?post=24536"}],"curies":[{"name":"wp","href":"https:\/\/api.w.org\/{rel}","templated":true}]}}