{"id":24528,"date":"2017-08-29T09:23:28","date_gmt":"2017-08-29T12:23:28","guid":{"rendered":"http:\/\/www.sincomam.org.br\/?p=24528"},"modified":"2017-08-29T09:23:28","modified_gmt":"2017-08-29T12:23:28","slug":"petroleo-cai-em-nova-york-com-impacto-da-tempestade-harvey","status":"publish","type":"post","link":"https:\/\/www.sincomam.org.br\/index.php\/petroleo-cai-em-nova-york-com-impacto-da-tempestade-harvey\/","title":{"rendered":"Petr\u00f3leo cai em Nova York com impacto da tempestade Harvey"},"content":{"rendered":"<p>O petr\u00f3leo fechou em baixa nesta segunda-feira em Nova York por causa dos efeitos potenciais da tempestade tropical Harvey nas refinarias do Texas e da Louisiana e, por consequ\u00eancia, na demanda dos Estados Unidos pela commodity.\u00a0<\/p>\n<p>O barril de &#8220;light sweet crude&#8221; (WTI) para entrega em outubro recuou 1,30 d\u00f3lar e fechou a 46,57 no New York Mercantile Exchange (Nymex).<\/p>\n<p>No Intercontinental Exchange (ICE) de Londres, o barril de Brent do Mar do Norte, tamb\u00e9m para entrega em outubro, perdeu 52 centavos, a 51,89 d\u00f3lares.<\/p>\n<p>Com quase um ter\u00e7o das refinarias de petr\u00f3leo do pa\u00eds, a costa do Texas est\u00e1 sendo devastada desde sexta-feira, atingida pelo furac\u00e3o mais forte a alcan\u00e7ar o estado desde 1961.<\/p>\n<p>Os servi\u00e7os meteorol\u00f3gicos americanos rebaixaram o Harvey para tempestade tropical ainda no s\u00e1bado, mas as chuvas intensas e inunda\u00e7\u00f5es consideradas &#8220;catastr\u00f3ficas&#8221; pelas autoridades da regi\u00e3o continuaram. O pior momento ainda \u00e9 esperado para quarta, ou quinta-feira, comprometendo a reabertura das refinarias.<\/p>\n<p>A tempestade reduziu em 2 milh\u00f5es de barris di\u00e1rios a capacidade das refinarias da regi\u00e3o mas, por causa das inunda\u00e7\u00f5es, a demanda por petr\u00f3leo \u00e9 reduzida, explicou John Kilduff da Again Capital.\u00a0<\/p>\n<p>&#8220;A informa\u00e7\u00e3o da amplitude dos danos causados \u00e0 infraestrutura de petr\u00f3leo e g\u00e1s est\u00e1 limitada, atualmente&#8221;, constataram analistas da Goldman Sachs, destacando que &#8220;os problemas s\u00e3o mais importantes na refinaria do que na produ\u00e7\u00e3o&#8221;.<\/p>\n<p>Segundo estimativas, a capacidade das refinarias foi afetada em cerca de 3 milh\u00f5es de barris di\u00e1rios, ou seja, 16,5% da capacidade total americana.<\/p>\n<p>Fonte: Uol<\/p>\n","protected":false},"excerpt":{"rendered":"<p>O petr\u00f3leo fechou em baixa nesta segunda-feira em Nova York por causa dos efeitos potenciais da tempestade tropical Harvey nas refinarias do Texas e da&#8230;<\/p>\n","protected":false},"author":1182,"featured_media":18000,"comment_status":"closed","ping_status":"closed","sticky":false,"template":"","format":"standard","meta":{"footnotes":""},"categories":[6],"tags":[],"class_list":["post-24528","post","type-post","status-publish","format-standard","has-post-thumbnail","hentry","category-noticias"],"_links":{"self":[{"href":"https:\/\/www.sincomam.org.br\/index.php\/wp-json\/wp\/v2\/posts\/24528","targetHints":{"allow":["GET"]}}],"collection":[{"href":"https:\/\/www.sincomam.org.br\/index.php\/wp-json\/wp\/v2\/posts"}],"about":[{"href":"https:\/\/www.sincomam.org.br\/index.php\/wp-json\/wp\/v2\/types\/post"}],"author":[{"embeddable":true,"href":"https:\/\/www.sincomam.org.br\/index.php\/wp-json\/wp\/v2\/users\/1182"}],"replies":[{"embeddable":true,"href":"https:\/\/www.sincomam.org.br\/index.php\/wp-json\/wp\/v2\/comments?post=24528"}],"version-history":[{"count":1,"href":"https:\/\/www.sincomam.org.br\/index.php\/wp-json\/wp\/v2\/posts\/24528\/revisions"}],"predecessor-version":[{"id":24529,"href":"https:\/\/www.sincomam.org.br\/index.php\/wp-json\/wp\/v2\/posts\/24528\/revisions\/24529"}],"wp:featuredmedia":[{"embeddable":true,"href":"https:\/\/www.sincomam.org.br\/index.php\/wp-json\/wp\/v2\/media\/18000"}],"wp:attachment":[{"href":"https:\/\/www.sincomam.org.br\/index.php\/wp-json\/wp\/v2\/media?parent=24528"}],"wp:term":[{"taxonomy":"category","embeddable":true,"href":"https:\/\/www.sincomam.org.br\/index.php\/wp-json\/wp\/v2\/categories?post=24528"},{"taxonomy":"post_tag","embeddable":true,"href":"https:\/\/www.sincomam.org.br\/index.php\/wp-json\/wp\/v2\/tags?post=24528"}],"curies":[{"name":"wp","href":"https:\/\/api.w.org\/{rel}","templated":true}]}}