{"id":24518,"date":"2017-08-28T00:06:52","date_gmt":"2017-08-28T03:06:52","guid":{"rendered":"http:\/\/www.sincomam.org.br\/?p=24518"},"modified":"2017-08-27T17:07:42","modified_gmt":"2017-08-27T20:07:42","slug":"exportacao-de-carne-bovina-do-brasil-crescera-menos-que-o-esperado","status":"publish","type":"post","link":"https:\/\/www.sincomam.org.br\/index.php\/exportacao-de-carne-bovina-do-brasil-crescera-menos-que-o-esperado\/","title":{"rendered":"Exporta\u00e7\u00e3o de carne bovina do Brasil crescer\u00e1 menos que o esperado"},"content":{"rendered":"<p>As exporta\u00e7\u00f5es de carne bovina do Brasil dever\u00e3o aumentar 10 por cento ante o ano passado, para 1,5 milh\u00e3o de toneladas em 2017, mas o crescimento ser\u00e1 menor do que o projetado anteriormente, de acordo com avalia\u00e7\u00e3o da consultoria Agroconsult.<\/p>\n<p>Numa avalia\u00e7\u00e3o anterior, a Agroconsult esperava que as exporta\u00e7\u00f5es de carne bovina do Brasil crescessem em 20 por cento.<\/p>\n<p>No entanto, uma s\u00e9rie de problemas, incluindo o esc\u00e2ndalo envolvendo fiscaliza\u00e7\u00e3o sanit\u00e1ria denunciado pela Opera\u00e7\u00e3o Carne Fraca, prejudicou as opera\u00e7\u00f5es dos maiores processadores de carne do Brasil, segundo o analista de pecu\u00e1ria da Agroconsult, Maur\u00edcio Nogueira.<\/p>\n<p>A avalia\u00e7\u00e3o foi apresentada durante confer\u00eancia sobre a expedi\u00e7\u00e3o t\u00e9cnica Rally da Pecu\u00e1ria.<\/p>\n<p>A dela\u00e7\u00e3o dos irm\u00e3os Batista, da gigante JBS, tamb\u00e9m influenciou as previs\u00f5es, disse Nogueira.<\/p>\n<p>Com o esc\u00e2ndalo, muitos pecuaristas endureceram as negocia\u00e7\u00f5es com a JBS, exigindo pagamentos \u00e0 vista, preocupados com a sa\u00fade financeira do grupo.<\/p>\n<p>\u201cConsiderando o tamanho da JBS, isso afetou toda a cadeia produtiva\u201d, disse ele.<\/p>\n<p>Paralelamente, a Agroconsult disse que a produ\u00e7\u00e3o de carne bovina do Brasil dever\u00e1 totalizar 9,4 milh\u00f5es de toneladas em 2017, ante 10,1 milh\u00f5es de toneladas na previs\u00e3o anterior e 9,1 milh\u00f5es de toneladas em 2016.<\/p>\n<p>Com uma fraca demanda no mercado dom\u00e9stico adicionando press\u00e3o para a ind\u00fastria, disse Nogueira, a proje\u00e7\u00e3o de abates no pa\u00eds foi revisada para abaixo para 39,5 milh\u00f5es de cabe\u00e7as, neste ano, ante 40,4 milh\u00f5es na proje\u00e7\u00e3o de abril.<\/p>\n<p>Fonte: Reuters<\/p>\n<div><\/div>\n<div class=\"jwDisqusForm\"><\/div>\n","protected":false},"excerpt":{"rendered":"<p>As exporta\u00e7\u00f5es de carne bovina do Brasil dever\u00e3o aumentar 10 por cento ante o ano passado, para 1,5 milh\u00e3o de toneladas em 2017, mas o&#8230;<\/p>\n","protected":false},"author":1182,"featured_media":22920,"comment_status":"closed","ping_status":"closed","sticky":false,"template":"","format":"standard","meta":{"footnotes":""},"categories":[6],"tags":[],"class_list":["post-24518","post","type-post","status-publish","format-standard","has-post-thumbnail","hentry","category-noticias"],"_links":{"self":[{"href":"https:\/\/www.sincomam.org.br\/index.php\/wp-json\/wp\/v2\/posts\/24518","targetHints":{"allow":["GET"]}}],"collection":[{"href":"https:\/\/www.sincomam.org.br\/index.php\/wp-json\/wp\/v2\/posts"}],"about":[{"href":"https:\/\/www.sincomam.org.br\/index.php\/wp-json\/wp\/v2\/types\/post"}],"author":[{"embeddable":true,"href":"https:\/\/www.sincomam.org.br\/index.php\/wp-json\/wp\/v2\/users\/1182"}],"replies":[{"embeddable":true,"href":"https:\/\/www.sincomam.org.br\/index.php\/wp-json\/wp\/v2\/comments?post=24518"}],"version-history":[{"count":1,"href":"https:\/\/www.sincomam.org.br\/index.php\/wp-json\/wp\/v2\/posts\/24518\/revisions"}],"predecessor-version":[{"id":24519,"href":"https:\/\/www.sincomam.org.br\/index.php\/wp-json\/wp\/v2\/posts\/24518\/revisions\/24519"}],"wp:featuredmedia":[{"embeddable":true,"href":"https:\/\/www.sincomam.org.br\/index.php\/wp-json\/wp\/v2\/media\/22920"}],"wp:attachment":[{"href":"https:\/\/www.sincomam.org.br\/index.php\/wp-json\/wp\/v2\/media?parent=24518"}],"wp:term":[{"taxonomy":"category","embeddable":true,"href":"https:\/\/www.sincomam.org.br\/index.php\/wp-json\/wp\/v2\/categories?post=24518"},{"taxonomy":"post_tag","embeddable":true,"href":"https:\/\/www.sincomam.org.br\/index.php\/wp-json\/wp\/v2\/tags?post=24518"}],"curies":[{"name":"wp","href":"https:\/\/api.w.org\/{rel}","templated":true}]}}