{"id":24506,"date":"2017-11-13T00:58:51","date_gmt":"2017-11-13T02:58:51","guid":{"rendered":"http:\/\/www.sincomam.org.br\/?p=24506"},"modified":"2017-11-13T15:29:11","modified_gmt":"2017-11-13T17:29:11","slug":"meta-da-petrobras-e-ter-ipo-da-br-distribuidora-ate-1-de-dezembro","status":"publish","type":"post","link":"https:\/\/www.sincomam.org.br\/index.php\/meta-da-petrobras-e-ter-ipo-da-br-distribuidora-ate-1-de-dezembro\/","title":{"rendered":"Meta da Petrobras \u00e9 ter IPO da BR Distribuidora at\u00e9 1\u00b0 de dezembro"},"content":{"rendered":"<p>Os preparativos para a muito esperada oferta inicial de a\u00e7\u00f5es (IPO, na sigla em ingl\u00eas) da BR Distribuidora est\u00e3o avan\u00e7ando para que a estreia dos pap\u00e9is no preg\u00e3o da Bolsa aconte\u00e7a at\u00e9 1\u00b0 de dezembro, disse \u00e0 Reuters\u00a0o presidente do conselho de administra\u00e7\u00e3o da Petrobras, Nelson Carvalho.<\/p>\n<p>&#8220;Os trabalhos para que o IPO da BR Distribuidora aconte\u00e7a at\u00e9 l\u00e1 est\u00e3o a todo vapor&#8221;, disse Carvalho, nos bastidores do 8\u00ba Congresso Internacional de Mercados Financeiro e de Capitais, em Campos do Jord\u00e3o (SP).<\/p>\n<p>As aprova\u00e7\u00f5es internas para levar adiante a opera\u00e7\u00e3o da BR Distribuidora, inclusive a contrata\u00e7\u00e3o dos bancos coordenadores, j\u00e1 foram feitas pelo conselho de administra\u00e7\u00e3o da controladora Petrobras, disse ele.<\/p>\n<p>Um dos passos dos preparativos para a transa\u00e7\u00e3o foi anunciado mais cedo nesta sexta, com a Petrobras fazendo um aporte de capital de R$ 6,3 bilh\u00f5es na BR Distribuidora.<\/p>\n<p>Em troca, a Petrobras assume receb\u00edveis de cerca de R$ 10 bilh\u00f5es que a BR Distribuidora possui junto \u00e0 tamb\u00e9m estatal Eletrobras.<\/p>\n<p>Essa d\u00edvida refere-se a valores de um acordo assinado em 2014 pela BR Distribuidora para parcelamento de d\u00edvidas de empresas da Eletrobras referentes ao fornecimento de combust\u00edveis para t\u00e9rmicas no Norte do pa\u00eds.<\/p>\n<p>A BR Distribuidora usar\u00e1 os recursos do aporte para pagar outras d\u00edvidas, limpando assim seu balan\u00e7o e potencializando o valor de suas a\u00e7\u00f5es no IPO.<\/p>\n<p>Segundo Carvalho, a Petrobras poder\u00e1 ainda securitizar os receb\u00edveis que assumir\u00e1 da BR Distribuidora na opera\u00e7\u00e3o.<\/p>\n<p>Fonte: \u00a0Folha SP<\/p>\n","protected":false},"excerpt":{"rendered":"<p>Os preparativos para a muito esperada oferta inicial de a\u00e7\u00f5es (IPO, na sigla em ingl\u00eas) da BR Distribuidora est\u00e3o avan\u00e7ando para que a estreia dos&#8230;<\/p>\n","protected":false},"author":1182,"featured_media":17800,"comment_status":"closed","ping_status":"closed","sticky":false,"template":"","format":"standard","meta":{"footnotes":""},"categories":[6],"tags":[],"class_list":["post-24506","post","type-post","status-publish","format-standard","has-post-thumbnail","hentry","category-noticias"],"_links":{"self":[{"href":"https:\/\/www.sincomam.org.br\/index.php\/wp-json\/wp\/v2\/posts\/24506","targetHints":{"allow":["GET"]}}],"collection":[{"href":"https:\/\/www.sincomam.org.br\/index.php\/wp-json\/wp\/v2\/posts"}],"about":[{"href":"https:\/\/www.sincomam.org.br\/index.php\/wp-json\/wp\/v2\/types\/post"}],"author":[{"embeddable":true,"href":"https:\/\/www.sincomam.org.br\/index.php\/wp-json\/wp\/v2\/users\/1182"}],"replies":[{"embeddable":true,"href":"https:\/\/www.sincomam.org.br\/index.php\/wp-json\/wp\/v2\/comments?post=24506"}],"version-history":[{"count":1,"href":"https:\/\/www.sincomam.org.br\/index.php\/wp-json\/wp\/v2\/posts\/24506\/revisions"}],"predecessor-version":[{"id":24507,"href":"https:\/\/www.sincomam.org.br\/index.php\/wp-json\/wp\/v2\/posts\/24506\/revisions\/24507"}],"wp:featuredmedia":[{"embeddable":true,"href":"https:\/\/www.sincomam.org.br\/index.php\/wp-json\/wp\/v2\/media\/17800"}],"wp:attachment":[{"href":"https:\/\/www.sincomam.org.br\/index.php\/wp-json\/wp\/v2\/media?parent=24506"}],"wp:term":[{"taxonomy":"category","embeddable":true,"href":"https:\/\/www.sincomam.org.br\/index.php\/wp-json\/wp\/v2\/categories?post=24506"},{"taxonomy":"post_tag","embeddable":true,"href":"https:\/\/www.sincomam.org.br\/index.php\/wp-json\/wp\/v2\/tags?post=24506"}],"curies":[{"name":"wp","href":"https:\/\/api.w.org\/{rel}","templated":true}]}}