{"id":24492,"date":"2017-08-25T11:18:16","date_gmt":"2017-08-25T14:18:16","guid":{"rendered":"http:\/\/sincomam.org.br\/?p=24492"},"modified":"2017-08-25T11:18:16","modified_gmt":"2017-08-25T14:18:16","slug":"porto-tera-plano-para-avisar-cidades-sobre-acidentes","status":"publish","type":"post","link":"https:\/\/www.sincomam.org.br\/index.php\/porto-tera-plano-para-avisar-cidades-sobre-acidentes\/","title":{"rendered":"Porto ter\u00e1 plano para avisar cidades sobre acidentes"},"content":{"rendered":"<p>O Porto de Santos e as cidades da Baixada Santista v\u00e3o contar com um \u201cprotocolo de comunica\u00e7\u00e3o em emerg\u00eancia\u201d, um plano para garantir que as administra\u00e7\u00f5es municipais sejam avisadas rapidamente sobre acidentes no complexo mar\u00edtimo. A medida, que deve ser implementada em at\u00e9 20 dias, foi acordada \u00a0em uma reuni\u00e3o na Prefeitura de Santos entre executivos da Companhia Docas do Estado de S\u00e3o Paulo (Codesp, a Autoridade Portu\u00e1ria) e representantes dos munic\u00edpios.<\/p>\n<p>O encontro foi organizado pelo prefeito de Santos, Paulo Alexandre Barbosa, ap\u00f3s a queda de 46 cont\u00eaineres do navio Log\u2013in Pantanal na Barra de Santos, no \u00faltimo dia 11. O fato n\u00e3o foi comunicado de imediato pela Codesp \u00e0s prefeituras locais, que criticaram a demora para serem informadas sobre o sinistro.<\/p>\n<p>\u201cNesse acidente, houve uma falha de comunica\u00e7\u00e3o. As prefeituras t\u00eam de ser comunicadas para tamb\u00e9m tomarmos provid\u00eancias e passarmos seguran\u00e7a para a popula\u00e7\u00e3o. Temos essa obriga\u00e7\u00e3o\u201d, disse o secret\u00e1rio de Meio Ambiente de Santos, Marcos Lib\u00f3rio, que participou da reuni\u00e3o de ontem.<\/p>\n<p>Segundo ele, apesar da \u201cfalha\u201d e do consequente \u201cmal-estar\u201d entre o Porto e os munic\u00edpios, o epis\u00f3dio serviu de li\u00e7\u00e3o e resultou na decis\u00e3o de se implantar o protocolo. \u201cNossos objetivos foram alcan\u00e7ados na reuni\u00e3o, que foi bem positiva\u201d, explicou o secret\u00e1rio.<\/p>\n<p>O plano de comunica\u00e7\u00e3o come\u00e7ar\u00e1 a ser elaborado em uma reuni\u00e3o na pr\u00f3xima semana, na sede da Codesp, em Santos. Tamb\u00e9m est\u00e1 prevista uma visita \u00e0 sala de emerg\u00eancia da Docas. O projeto ser\u00e1 coordenado pelo superintendente de Meio Ambiente da Autoridade Portu\u00e1ria, Ivan Doutor.<\/p>\n<p>\u201cAgora teremos uma melhor comunica\u00e7\u00e3o. Iremos atuar de forma mais integrada\u201d, afirmou Doutor, que considera o protocolo uma forma de intensificar a rela\u00e7\u00e3o entre o Porto e as cidades.\u00a0<\/p>\n<p>Questionado sobre as \u201cfalhas\u201d apontadas no epis\u00f3dio da queda dos cont\u00eaineres, o superintendente destacou que, nesse caso, \u201cainda n\u00e3o havia protocolo\u201d.<\/p>\n<p>O projeto prev\u00ea a elabora\u00e7\u00e3o de procedimentos de comunica\u00e7\u00e3o que devem ser seguidos no caso de sinistros. Uma das primeiras medidas envolve a cria\u00e7\u00e3o de um grupo de WhatsApp integrado por Doutor e secret\u00e1rios das cidades da regi\u00e3o. \u201cEntre 15 e 20 dias teremos tudo implantado\u201d, disse Ivan Doutor.<\/p>\n<p>Na reuni\u00e3o de ontem, tamb\u00e9m estavam o presidente da Codesp, Alex Oliva, e secret\u00e1rios das prefeituras de Cubat\u00e3o, S\u00e3o Vicente, Guaruj\u00e1, Praia Grande e Bertioga.<\/p>\n<p>Fonte: A Tribuna<\/p>\n","protected":false},"excerpt":{"rendered":"<p>O Porto de Santos e as cidades da Baixada Santista v\u00e3o contar com um \u201cprotocolo de comunica\u00e7\u00e3o em emerg\u00eancia\u201d, um plano para garantir que as&#8230;<\/p>\n","protected":false},"author":1182,"featured_media":19106,"comment_status":"closed","ping_status":"closed","sticky":false,"template":"","format":"standard","meta":{"footnotes":""},"categories":[6],"tags":[],"class_list":["post-24492","post","type-post","status-publish","format-standard","has-post-thumbnail","hentry","category-noticias"],"_links":{"self":[{"href":"https:\/\/www.sincomam.org.br\/index.php\/wp-json\/wp\/v2\/posts\/24492","targetHints":{"allow":["GET"]}}],"collection":[{"href":"https:\/\/www.sincomam.org.br\/index.php\/wp-json\/wp\/v2\/posts"}],"about":[{"href":"https:\/\/www.sincomam.org.br\/index.php\/wp-json\/wp\/v2\/types\/post"}],"author":[{"embeddable":true,"href":"https:\/\/www.sincomam.org.br\/index.php\/wp-json\/wp\/v2\/users\/1182"}],"replies":[{"embeddable":true,"href":"https:\/\/www.sincomam.org.br\/index.php\/wp-json\/wp\/v2\/comments?post=24492"}],"version-history":[{"count":1,"href":"https:\/\/www.sincomam.org.br\/index.php\/wp-json\/wp\/v2\/posts\/24492\/revisions"}],"predecessor-version":[{"id":24493,"href":"https:\/\/www.sincomam.org.br\/index.php\/wp-json\/wp\/v2\/posts\/24492\/revisions\/24493"}],"wp:featuredmedia":[{"embeddable":true,"href":"https:\/\/www.sincomam.org.br\/index.php\/wp-json\/wp\/v2\/media\/19106"}],"wp:attachment":[{"href":"https:\/\/www.sincomam.org.br\/index.php\/wp-json\/wp\/v2\/media?parent=24492"}],"wp:term":[{"taxonomy":"category","embeddable":true,"href":"https:\/\/www.sincomam.org.br\/index.php\/wp-json\/wp\/v2\/categories?post=24492"},{"taxonomy":"post_tag","embeddable":true,"href":"https:\/\/www.sincomam.org.br\/index.php\/wp-json\/wp\/v2\/tags?post=24492"}],"curies":[{"name":"wp","href":"https:\/\/api.w.org\/{rel}","templated":true}]}}