{"id":24486,"date":"2017-08-25T11:14:58","date_gmt":"2017-08-25T14:14:58","guid":{"rendered":"http:\/\/sincomam.org.br\/?p=24486"},"modified":"2017-08-25T11:14:58","modified_gmt":"2017-08-25T14:14:58","slug":"executivo-assume-comando-da-gerdau-no-lugar-de-filho-do-fundador-do-grupo","status":"publish","type":"post","link":"https:\/\/www.sincomam.org.br\/index.php\/executivo-assume-comando-da-gerdau-no-lugar-de-filho-do-fundador-do-grupo\/","title":{"rendered":"Executivo assume comando da Gerdau no lugar de filho do fundador do grupo"},"content":{"rendered":"<p>A Gerdau anunciou que Andr\u00e9 Gerdau Johannpeter, diretor-presidente do grupo sider\u00fargico, que teve o nome envolvido nas investiga\u00e7\u00f5es de corrup\u00e7\u00e3o da Operac\u00e3o Zelotes Pol\u00edcia Federal, vai deixar o cargo.<\/p>\n<p>Quem assume como novo diretor-presidente \u00e9 Gustavo Werneck, atual diretor-executivo da opera\u00e7\u00e3o Brasil da Gerdau.<\/p>\n<p>A empresa informa que a partir de 1\u00ba de janeiro de 2018, n\u00e3o s\u00f3 Andr\u00e9 Gerdau, mas tamb\u00e9m os vice-presidentes-executivos Claudio Johannpeter e Guilherme Gerdau Johannpeter, outros dos atuais integrantes da fam\u00edlia na lideran\u00e7a executiva das empresas, tamb\u00e9m deixar\u00e3o suas posi\u00e7\u00f5es. No entanto, todos eles permanecer\u00e3o nos conselhos de administra\u00e7\u00e3o dos quais j\u00e1 fazem parte.<\/p>\n<p>Filho do fundador do grupo, o empres\u00e1rio Jorge Gerdau, Andr\u00e9 foi indiciado pela Pol\u00edcia Federal no ano passado por suspeita de pagar propina para obter julgamentos favor\u00e1veis no Carf (Conselho Administrativo de Recursos Fiscais), \u00f3rg\u00e3o ligado ao Minist\u00e9rio da Fazenda que julga recursos contra multas da Receita Federal e entrou no alvo das investiga\u00e7\u00f5es de corrup\u00e7\u00e3o. A empresa sempre negou as acusa\u00e7\u00f5es.<\/p>\n<p>Deflagrada em mar\u00e7o de 2015 para investigar um dos maiores esquemas de sonega\u00e7\u00e3o fiscal j\u00e1 descobertos no pa\u00eds, a Zelotes atingiu empresas como a Gerdau e bancos como Bradesco e Safra.<span> <\/span><\/p>\n<p>Gustavo Werneck, atual diretor-executivo da opera\u00e7\u00e3o Brasil da Gerdau, ser\u00e1 o novo presidente<\/p>\n<p>Antes de assumir os neg\u00f3cios da fam\u00edlia, Andr\u00e9 foi medalhista ol\u00edmpico de hipismo, na disputa por equipes nos Jogos de Atlanta-1996 e Sydney-2000, al\u00e9m de ter ganho o ouro no Pan de Winnipeg-1999. Na edi\u00e7\u00e3o da Austr\u00e1lia, terminou em 4\u00ba lugar na competi\u00e7\u00e3o individual.<\/p>\n<p>A empresa nega que as mudan\u00e7as anunciadas nesta quinta em sua gest\u00e3o tenham qualquer rela\u00e7\u00e3o com as investiga\u00e7\u00f5es policiais. &#8220;Nossa decis\u00e3o n\u00e3o est\u00e1 vinculada ao assunto da Opera\u00e7\u00e3o Zelotes ou qualquer outra. \u00c9 um processo de 12 meses que eu, Claudio e Guilherme discutimos com o conselho da empresa e com a fam\u00edlia&#8221;, disse Andr\u00e9.<\/p>\n<p>Para ele, chegou a hora de &#8220;colocar o foco em quest\u00f5es mais estrat\u00e9gicas e n\u00e3o no dia a dia da opera\u00e7\u00e3o&#8221;.<\/p>\n<p>&#8220;Nosso papel vai ser muito mais na estrat\u00e9gia, como conselheiros. E muito apoio na executiva&#8221;, disse o empres\u00e1rio.<\/p>\n<p>Apesar do argumento de que a mudan\u00e7a foi planejada durante 12 meses, analistas de bancos a compararam com a sucess\u00e3o anterior, feita h\u00e1 11 anos, quando Andr\u00e9 Gerdau se tornou presidente, em um plano sucess\u00f3rio elaborado com consultoria e que durou cerca de tr\u00eas anos.<\/p>\n<p>&#8220;Onze anos se passaram, eu me lembro que foi um processo mais longo, teve uma consultoria e a gente anunciou que haveria a mudan\u00e7a da governan\u00e7a muito antes. Os tempos mudaram e as coisas est\u00e3o mais r\u00e1pidas. A empresa est\u00e1 mais \u00e1gil e n\u00f3s estamos fazendo um processo diferente, que ao nosso ver est\u00e1 bem conduzido e pensado. Ouvimos muito os conselheiros. No fim, chegamos \u00e0 conclus\u00e3o de que o Gustavo \u00e9 a pessoa certa&#8221;, disse Andr\u00e9.\u00a0<\/p>\n<p>Fonte: Folha SP<\/p>\n<div class=\"jwDisqusForm\"><\/div>\n","protected":false},"excerpt":{"rendered":"<p>A Gerdau anunciou que Andr\u00e9 Gerdau Johannpeter, diretor-presidente do grupo sider\u00fargico, que teve o nome envolvido nas investiga\u00e7\u00f5es de corrup\u00e7\u00e3o da Operac\u00e3o Zelotes Pol\u00edcia Federal,&#8230;<\/p>\n","protected":false},"author":1182,"featured_media":6979,"comment_status":"closed","ping_status":"closed","sticky":false,"template":"","format":"standard","meta":{"footnotes":""},"categories":[6],"tags":[],"class_list":["post-24486","post","type-post","status-publish","format-standard","has-post-thumbnail","hentry","category-noticias"],"_links":{"self":[{"href":"https:\/\/www.sincomam.org.br\/index.php\/wp-json\/wp\/v2\/posts\/24486","targetHints":{"allow":["GET"]}}],"collection":[{"href":"https:\/\/www.sincomam.org.br\/index.php\/wp-json\/wp\/v2\/posts"}],"about":[{"href":"https:\/\/www.sincomam.org.br\/index.php\/wp-json\/wp\/v2\/types\/post"}],"author":[{"embeddable":true,"href":"https:\/\/www.sincomam.org.br\/index.php\/wp-json\/wp\/v2\/users\/1182"}],"replies":[{"embeddable":true,"href":"https:\/\/www.sincomam.org.br\/index.php\/wp-json\/wp\/v2\/comments?post=24486"}],"version-history":[{"count":1,"href":"https:\/\/www.sincomam.org.br\/index.php\/wp-json\/wp\/v2\/posts\/24486\/revisions"}],"predecessor-version":[{"id":24487,"href":"https:\/\/www.sincomam.org.br\/index.php\/wp-json\/wp\/v2\/posts\/24486\/revisions\/24487"}],"wp:featuredmedia":[{"embeddable":true,"href":"https:\/\/www.sincomam.org.br\/index.php\/wp-json\/wp\/v2\/media\/6979"}],"wp:attachment":[{"href":"https:\/\/www.sincomam.org.br\/index.php\/wp-json\/wp\/v2\/media?parent=24486"}],"wp:term":[{"taxonomy":"category","embeddable":true,"href":"https:\/\/www.sincomam.org.br\/index.php\/wp-json\/wp\/v2\/categories?post=24486"},{"taxonomy":"post_tag","embeddable":true,"href":"https:\/\/www.sincomam.org.br\/index.php\/wp-json\/wp\/v2\/tags?post=24486"}],"curies":[{"name":"wp","href":"https:\/\/api.w.org\/{rel}","templated":true}]}}