{"id":24471,"date":"2017-08-23T09:35:44","date_gmt":"2017-08-23T12:35:44","guid":{"rendered":"http:\/\/www.sincomam.org.br\/?p=24471"},"modified":"2017-08-23T09:35:44","modified_gmt":"2017-08-23T12:35:44","slug":"governo-federal-pretende-privatizar-portos-de-vitoria-e-barra-do-riacho-no-es","status":"publish","type":"post","link":"https:\/\/www.sincomam.org.br\/index.php\/governo-federal-pretende-privatizar-portos-de-vitoria-e-barra-do-riacho-no-es\/","title":{"rendered":"Governo Federal pretende privatizar portos de Vit\u00f3ria e Barra do Riacho no ES"},"content":{"rendered":"<p>Depois do Aeroporto de Vit\u00f3ria, o governo Federal tem interesse em entregar a Companhia Docas do Esp\u00edrito Santo (Codesa), estatal que administra os portos de Vit\u00f3ria e Barra do Riacho, \u00e0 iniciativa privada. A informa\u00e7\u00e3o \u00e9 de O Globo, que segundo a reportagem, o anuncio ser\u00e1\u00a0 nesta quarta-feira (23). No total, ser\u00e1 anunciado uma carteira de 58 projetos incorporados ao Programa de Parcerias de Investimentos (PPI), para serem postos a venda ou entregue a iniciativa privada.<\/p>\n<p>De acordo com reportagem, est\u00e3o na lista a privatiza\u00e7\u00e3o a Eletrobras, 11 blocos de linhas de transmiss\u00e3o de energia, rodovias, terminais portu\u00e1rios, aeroportos, venda ou extin\u00e7\u00e3o de outras empresas p\u00fablicas, entre elas a Casa da Moeda, Companhias Docas do Esp\u00edrito Santo e do Maranh\u00e3o, Casemg e CeasaMinas e o in\u00edcio de estudos para a concess\u00e3o do Parque Ol\u00edmpico do Rio.<\/p>\n<p>Os detalhes doe pacote est\u00e3o previstos para serem divulgados depois da reuni\u00e3o do conselho do PPI, marcada para quarta. O conjunto de medidas tem por necessidade levantar receitas para cumprir a meta fiscal de d\u00e9ficit prim\u00e1rio de R$ 159 bilh\u00f5es em 2018<\/p>\n<p><strong>Aeroporto de Vit\u00f3ria<\/strong><\/p>\n<p>Na quarta-feira (16), a senadora Rose de Freitas (PMDB), informou que o governo federal ir\u00e1 entregar a administra\u00e7\u00e3o do Aeroporto de Vit\u00f3ria \u00e0 iniciativa privada no in\u00edcio de 2018, prazo de conclus\u00e3o das obras de reforma e amplia\u00e7\u00e3o. O Minist\u00e9rio do Transporte informou que no final de agostos deve acontecer uma reuni\u00e3o para definir os detalhes.<\/p>\n<p>Fonte: ES Hoje<\/p>\n","protected":false},"excerpt":{"rendered":"<p>Depois do Aeroporto de Vit\u00f3ria, o governo Federal tem interesse em entregar a Companhia Docas do Esp\u00edrito Santo (Codesa), estatal que administra os portos de&#8230;<\/p>\n","protected":false},"author":1182,"featured_media":20495,"comment_status":"closed","ping_status":"closed","sticky":false,"template":"","format":"standard","meta":{"footnotes":""},"categories":[6],"tags":[],"class_list":["post-24471","post","type-post","status-publish","format-standard","has-post-thumbnail","hentry","category-noticias"],"_links":{"self":[{"href":"https:\/\/www.sincomam.org.br\/index.php\/wp-json\/wp\/v2\/posts\/24471","targetHints":{"allow":["GET"]}}],"collection":[{"href":"https:\/\/www.sincomam.org.br\/index.php\/wp-json\/wp\/v2\/posts"}],"about":[{"href":"https:\/\/www.sincomam.org.br\/index.php\/wp-json\/wp\/v2\/types\/post"}],"author":[{"embeddable":true,"href":"https:\/\/www.sincomam.org.br\/index.php\/wp-json\/wp\/v2\/users\/1182"}],"replies":[{"embeddable":true,"href":"https:\/\/www.sincomam.org.br\/index.php\/wp-json\/wp\/v2\/comments?post=24471"}],"version-history":[{"count":1,"href":"https:\/\/www.sincomam.org.br\/index.php\/wp-json\/wp\/v2\/posts\/24471\/revisions"}],"predecessor-version":[{"id":24472,"href":"https:\/\/www.sincomam.org.br\/index.php\/wp-json\/wp\/v2\/posts\/24471\/revisions\/24472"}],"wp:featuredmedia":[{"embeddable":true,"href":"https:\/\/www.sincomam.org.br\/index.php\/wp-json\/wp\/v2\/media\/20495"}],"wp:attachment":[{"href":"https:\/\/www.sincomam.org.br\/index.php\/wp-json\/wp\/v2\/media?parent=24471"}],"wp:term":[{"taxonomy":"category","embeddable":true,"href":"https:\/\/www.sincomam.org.br\/index.php\/wp-json\/wp\/v2\/categories?post=24471"},{"taxonomy":"post_tag","embeddable":true,"href":"https:\/\/www.sincomam.org.br\/index.php\/wp-json\/wp\/v2\/tags?post=24471"}],"curies":[{"name":"wp","href":"https:\/\/api.w.org\/{rel}","templated":true}]}}