{"id":24469,"date":"2017-08-23T09:33:50","date_gmt":"2017-08-23T12:33:50","guid":{"rendered":"http:\/\/www.sincomam.org.br\/?p=24469"},"modified":"2017-08-23T09:34:34","modified_gmt":"2017-08-23T12:34:34","slug":"distribuidores-de-aco-plano-veem-estabilidade-em-precos-de-usinas-apos-rodada-de-aumentos","status":"publish","type":"post","link":"https:\/\/www.sincomam.org.br\/index.php\/distribuidores-de-aco-plano-veem-estabilidade-em-precos-de-usinas-apos-rodada-de-aumentos\/","title":{"rendered":"Distribuidores de a\u00e7o plano veem estabilidade em pre\u00e7os de usinas ap\u00f3s rodada de aumentos"},"content":{"rendered":"<p>Os distribuidores de a\u00e7os planos do Brasil avaliam que os pre\u00e7os do material vendido pelas usinas sider\u00fargicas do pa\u00eds dever\u00e3o se manter est\u00e1veis nos pr\u00f3ximos meses, ap\u00f3s uma recente rodada de aumentos de entre 12 e 13 por cento, afirmou nesta ter\u00e7a-feira a associa\u00e7\u00e3o que representa o setor, Inda.<\/p>\n<p>Ap\u00f3s a CSN comunicar distribuidores sobre aumento de 12,75 por cento nos seus pre\u00e7os a partir de 25 de agosto, outras usinas, incluindo Usiminas e ArcelorMittal, fizeram an\u00fancios semelhantes. A Gerdau foi a \u00faltima do ciclo informando na \u00faltima sexta-feira aumento de 12,9 por cento para bobinas a quente e chapas grossas para entrada em vigor entre 4 e 9 de setembro, disse o presidente do Inda, Carlos Loureiro, a jornalistas.<\/p>\n<p>Questionado se o Inda espera novos aumentos adiante, Loureiro afirmou que, ap\u00f3s a nova rodada de reajustes, o &#8220;pr\u00eamio&#8221; do a\u00e7o plano ficou positivo em torno de 3 a 4 por cento. A express\u00e3o \u00e9 usada pelo setor sider\u00fargico para designar como os pre\u00e7os no mercado est\u00e3o ante os pre\u00e7os internacionais da liga.<\/p>\n<p>&#8220;\u00c9 muito mais prov\u00e1vel que possa ceder um pouco do que subir mais nos pr\u00f3ximos meses&#8221;, afirmou Loureiro, citando um contexto de fraqueza da economia interna, em que a entidade ainda trabalha com perspectiva das vendas dos distribuidores encerrarem o ano em queda de cinco por cento.<\/p>\n<p>A perspectiva ainda negativa foi citada por Loureiro apesar das vendas dos distribuidores em julho por dia \u00fatil terem sido as mais altas desde outubro de 2016 e dos estoques terem ca\u00eddo pela primeira vez neste ano, encerrando o m\u00eas passado em 925,7 mil toneladas.<\/p>\n<p>As vendas dos distribuidores, respons\u00e1veis por cerca de 30 por cento das vendas das sider\u00fargicas brasileiras, em julho tiveram alta de 5,7 por cento sobre igual m\u00eas do ano passado, para 265,2 mil toneladas. Na compara\u00e7\u00e3o com junho, houve alta de 18,8 por cento. Para agosto, a expectativa \u00e9 de crescimento de cerca de 5 por cento ante julho.<\/p>\n<p>Segundo Loureiro, &#8220;h\u00e1 uma certa recupera\u00e7\u00e3o da nossa venda. As vendas para setor automotivo melhoraram um pouco (&#8230;) bens de capital e m\u00e1quinas agr\u00edcolas tamb\u00e9m. \u00c9 uma recupera\u00e7\u00e3o muito t\u00edmida e muito em cima da exporta\u00e7\u00e3o&#8221;, disse o presidente do Inda. &#8220;Definitivamente poder\u00edamos estar melhor se n\u00e3o houvesse todos os problemas (na pol\u00edtica)&#8221;, acrescentou.<\/p>\n<p>Fonte: Reuters<\/p>\n<div><\/div>\n<div class=\"jwDisqusForm\"><\/div>\n","protected":false},"excerpt":{"rendered":"<p>Os distribuidores de a\u00e7os planos do Brasil avaliam que os pre\u00e7os do material vendido pelas usinas sider\u00fargicas do pa\u00eds dever\u00e3o se manter est\u00e1veis nos pr\u00f3ximos&#8230;<\/p>\n","protected":false},"author":1182,"featured_media":21969,"comment_status":"closed","ping_status":"closed","sticky":false,"template":"","format":"standard","meta":{"footnotes":""},"categories":[6],"tags":[],"class_list":["post-24469","post","type-post","status-publish","format-standard","has-post-thumbnail","hentry","category-noticias"],"_links":{"self":[{"href":"https:\/\/www.sincomam.org.br\/index.php\/wp-json\/wp\/v2\/posts\/24469","targetHints":{"allow":["GET"]}}],"collection":[{"href":"https:\/\/www.sincomam.org.br\/index.php\/wp-json\/wp\/v2\/posts"}],"about":[{"href":"https:\/\/www.sincomam.org.br\/index.php\/wp-json\/wp\/v2\/types\/post"}],"author":[{"embeddable":true,"href":"https:\/\/www.sincomam.org.br\/index.php\/wp-json\/wp\/v2\/users\/1182"}],"replies":[{"embeddable":true,"href":"https:\/\/www.sincomam.org.br\/index.php\/wp-json\/wp\/v2\/comments?post=24469"}],"version-history":[{"count":1,"href":"https:\/\/www.sincomam.org.br\/index.php\/wp-json\/wp\/v2\/posts\/24469\/revisions"}],"predecessor-version":[{"id":24470,"href":"https:\/\/www.sincomam.org.br\/index.php\/wp-json\/wp\/v2\/posts\/24469\/revisions\/24470"}],"wp:featuredmedia":[{"embeddable":true,"href":"https:\/\/www.sincomam.org.br\/index.php\/wp-json\/wp\/v2\/media\/21969"}],"wp:attachment":[{"href":"https:\/\/www.sincomam.org.br\/index.php\/wp-json\/wp\/v2\/media?parent=24469"}],"wp:term":[{"taxonomy":"category","embeddable":true,"href":"https:\/\/www.sincomam.org.br\/index.php\/wp-json\/wp\/v2\/categories?post=24469"},{"taxonomy":"post_tag","embeddable":true,"href":"https:\/\/www.sincomam.org.br\/index.php\/wp-json\/wp\/v2\/tags?post=24469"}],"curies":[{"name":"wp","href":"https:\/\/api.w.org\/{rel}","templated":true}]}}