{"id":24467,"date":"2017-09-06T09:32:18","date_gmt":"2017-09-06T12:32:18","guid":{"rendered":"http:\/\/www.sincomam.org.br\/?p=24467"},"modified":"2017-09-01T09:06:02","modified_gmt":"2017-09-01T12:06:02","slug":"1o-oleo-de-libra-sera-produzido-em-setembro-ou-outubro","status":"publish","type":"post","link":"https:\/\/www.sincomam.org.br\/index.php\/1o-oleo-de-libra-sera-produzido-em-setembro-ou-outubro\/","title":{"rendered":"1\u00ba \u00f3leo de Libra ser\u00e1 produzido em setembro ou outubro"},"content":{"rendered":"<p>O primeiro \u00f3leo do campo de Libra, no pr\u00e9-sal da Bacia de Santos, primeira \u00e1rea a ser concedida no modelo de partilha da produ\u00e7\u00e3o, ser\u00e1 produzida em setembro ou outubro, afirmou nesta ter\u00e7a-feira, 22, Osmond Coelho Jr., gerente geral de Implanta\u00e7\u00e3o de Projetos de Libra da Petrobras. A previs\u00e3o inicial da Petrobras era produzir o primeiro \u00f3leo em julho, mas houve um atraso no teste de longa dura\u00e7\u00e3o (TLD).<\/p>\n<p>Segundo Coelho Jr., o atraso ocorreu porque \u201clamentavelmente, fomos surpreendidos por problema de guincho\u201d no navio-plataforma de Libra, que chegou h\u00e1 dois meses no Pa\u00eds. \u201cEm setembro ou outubro, pretendemos come\u00e7ar o primeiro \u00f3leo de Libra\u201d, afirmou o executivo, em apresenta\u00e7\u00e3o durante o O&amp;G TechWeek, evento sobre tecnologia promovido pelo Instituto Brasileiro de Petr\u00f3leo, G\u00e1s e Biocombust\u00edveis (IBP) no Rio.<\/p>\n<p>O gerente lembrou que em dezembro deste ano termina o per\u00edodo de explora\u00e7\u00e3o de Libra. De acordo com Coelho Jr., o cons\u00f3rcio de Libra pretende declarar a comercialidade nessa ocasi\u00e3o.<\/p>\n<p>O executivo disse ainda que a expectativa da Petrobras \u00e9 que, em setembro, haja uma defini\u00e7\u00e3o da Ag\u00eancia Nacional de Petr\u00f3leo, G\u00e1s Natural e Biocombust\u00edveis (ANP) sobre o \u201cwaiver\u201d das exig\u00eancias de conte\u00fado local no projeto de Libra.<\/p>\n<p>Fonte: Isto\u00e9<\/p>\n","protected":false},"excerpt":{"rendered":"<p>O primeiro \u00f3leo do campo de Libra, no pr\u00e9-sal da Bacia de Santos, primeira \u00e1rea a ser concedida no modelo de partilha da produ\u00e7\u00e3o, ser\u00e1&#8230;<\/p>\n","protected":false},"author":1182,"featured_media":17248,"comment_status":"closed","ping_status":"closed","sticky":false,"template":"","format":"standard","meta":{"footnotes":""},"categories":[6],"tags":[],"class_list":["post-24467","post","type-post","status-publish","format-standard","has-post-thumbnail","hentry","category-noticias"],"_links":{"self":[{"href":"https:\/\/www.sincomam.org.br\/index.php\/wp-json\/wp\/v2\/posts\/24467","targetHints":{"allow":["GET"]}}],"collection":[{"href":"https:\/\/www.sincomam.org.br\/index.php\/wp-json\/wp\/v2\/posts"}],"about":[{"href":"https:\/\/www.sincomam.org.br\/index.php\/wp-json\/wp\/v2\/types\/post"}],"author":[{"embeddable":true,"href":"https:\/\/www.sincomam.org.br\/index.php\/wp-json\/wp\/v2\/users\/1182"}],"replies":[{"embeddable":true,"href":"https:\/\/www.sincomam.org.br\/index.php\/wp-json\/wp\/v2\/comments?post=24467"}],"version-history":[{"count":1,"href":"https:\/\/www.sincomam.org.br\/index.php\/wp-json\/wp\/v2\/posts\/24467\/revisions"}],"predecessor-version":[{"id":24468,"href":"https:\/\/www.sincomam.org.br\/index.php\/wp-json\/wp\/v2\/posts\/24467\/revisions\/24468"}],"wp:featuredmedia":[{"embeddable":true,"href":"https:\/\/www.sincomam.org.br\/index.php\/wp-json\/wp\/v2\/media\/17248"}],"wp:attachment":[{"href":"https:\/\/www.sincomam.org.br\/index.php\/wp-json\/wp\/v2\/media?parent=24467"}],"wp:term":[{"taxonomy":"category","embeddable":true,"href":"https:\/\/www.sincomam.org.br\/index.php\/wp-json\/wp\/v2\/categories?post=24467"},{"taxonomy":"post_tag","embeddable":true,"href":"https:\/\/www.sincomam.org.br\/index.php\/wp-json\/wp\/v2\/tags?post=24467"}],"curies":[{"name":"wp","href":"https:\/\/api.w.org\/{rel}","templated":true}]}}