{"id":24461,"date":"2017-08-23T09:30:05","date_gmt":"2017-08-23T12:30:05","guid":{"rendered":"http:\/\/www.sincomam.org.br\/?p=24461"},"modified":"2017-08-23T09:30:05","modified_gmt":"2017-08-23T12:30:05","slug":"petrobras-quer-fechar-contrato-de-plataforma-de-libra-1-ate-fim-do-ano","status":"publish","type":"post","link":"https:\/\/www.sincomam.org.br\/index.php\/petrobras-quer-fechar-contrato-de-plataforma-de-libra-1-ate-fim-do-ano\/","title":{"rendered":"Petrobras quer fechar contrato de plataforma de Libra 1 at\u00e9 fim do ano"},"content":{"rendered":"<p>A Petrobras espera fechar o contrato de afretamento do projeto-piloto de Libra ainda neste ano, disse nesta ter\u00e7a-feira o gerente-geral de Implanta\u00e7\u00e3o de Projetos de Libra, Osmond Coelho Junior.<\/p>\n<p>Segundo ele, mesmo diante da flexibiliza\u00e7\u00e3o das regras de conte\u00fado local proposta pela Ag\u00eancia Nacional de Petr\u00f3leo, G\u00e1s e Biocombust\u00edveis (ANP), a companhia mant\u00e9m o pedido de \u2018waiver\u2019 (perd\u00e3o pelo n\u00e3o cumprimento dos compromissos de nacionaliza\u00e7\u00e3o). \u201cTemos a expectativa de receber o posicionamento da ANP ainda em setembro, para seguir adiante [com a contrata\u00e7\u00e3o], a depender da resposta. \u00c9 o planejamento que temos hoje\u201d, afirmou o gerente a jornalistas, ap\u00f3s participar do evento O&amp;G TechWeek, promovido pelo Instituto Brasileiro de Petr\u00f3leo (IBP), no Rio.<\/p>\n<p>De acordo com Coelho Junior, a proposta da ANP de flexibilizar as regras de conte\u00fado local \u00e9 atrativa, mas ainda h\u00e1 incertezas sobre quando come\u00e7aria a valer. \u201cO modelo novo est\u00e1 em discuss\u00e3o, ainda vai passar por audi\u00eancia p\u00fablica. Nos moldes que est\u00e1 hoje, parece uma ideia muito atrativa a gente vir a migrar [para os novos percentuais], mas tenho certo receio de quando [o regulamento] estar\u00e1 redondinho. Por isso a decis\u00e3o sobre o \u2018waiver\u2019 [de Libra] \u00e9 importante para a gente decidir [sobre o investimento]\u201d, destacou.<\/p>\n<p>Pela proposta da ag\u00eancia, as petroleiras ter\u00e3o duas alternativas: ou optam pelos novos percentuais de conte\u00fado local, mais baixos, mas abrem m\u00e3o do direito de pedir \u2018waiver\u2019 no futuro; ou mant\u00eam os atuais percentuais, mantendo o direito de pedir o perd\u00e3o pelo n\u00e3o cumprimento dos \u00edndices de nacionaliza\u00e7\u00e3o \u2014 processo que ainda ser\u00e1 regulamentado.\u00a0<\/p>\n<p>Segundo ele, a segunda plataforma (Libra 2) ainda est\u00e1 em fase de aprova\u00e7\u00e3o do projeto conceitual pelos parceiros do projeto. A expectativa \u00e9 poder iniciar a concorr\u00eancia para contrata\u00e7\u00e3o da embarca\u00e7\u00e3o at\u00e9 o final do ano. \u201cDepende da resposta que teremos [sobre] Libra 1, quanto dessa possibilidade [de aderirmos ao] novo modelo do conte\u00fado local\u201d, disse. A inten\u00e7\u00e3o \u00e9 contratar uma plataforma \u201cem linha\u201d com a capacidade da primeira, de 180 mil barris por dia.<\/p>\n<p>At\u00e9 outubro, a previs\u00e3o da Petrobras \u00e9 iniciar a produ\u00e7\u00e3o do teste de longa dura\u00e7\u00e3o de Libra, que ter\u00e1 capacidade de 50 mil barris di\u00e1rios. Segundo o gerente, a expectativa \u00e9 que apenas um po\u00e7o produza cerca de 35 mil barris por dia e a plataforma seja ocupada de forma plena rapidamente.<\/p>\n<p>Fonte: Valor<\/p>\n<div><\/div>\n<div class=\"jwDisqusForm\"><\/div>\n","protected":false},"excerpt":{"rendered":"<p>A Petrobras espera fechar o contrato de afretamento do projeto-piloto de Libra ainda neste ano, disse nesta ter\u00e7a-feira o gerente-geral de Implanta\u00e7\u00e3o de Projetos de&#8230;<\/p>\n","protected":false},"author":1182,"featured_media":20996,"comment_status":"closed","ping_status":"closed","sticky":false,"template":"","format":"standard","meta":{"footnotes":""},"categories":[6],"tags":[],"class_list":["post-24461","post","type-post","status-publish","format-standard","has-post-thumbnail","hentry","category-noticias"],"_links":{"self":[{"href":"https:\/\/www.sincomam.org.br\/index.php\/wp-json\/wp\/v2\/posts\/24461","targetHints":{"allow":["GET"]}}],"collection":[{"href":"https:\/\/www.sincomam.org.br\/index.php\/wp-json\/wp\/v2\/posts"}],"about":[{"href":"https:\/\/www.sincomam.org.br\/index.php\/wp-json\/wp\/v2\/types\/post"}],"author":[{"embeddable":true,"href":"https:\/\/www.sincomam.org.br\/index.php\/wp-json\/wp\/v2\/users\/1182"}],"replies":[{"embeddable":true,"href":"https:\/\/www.sincomam.org.br\/index.php\/wp-json\/wp\/v2\/comments?post=24461"}],"version-history":[{"count":1,"href":"https:\/\/www.sincomam.org.br\/index.php\/wp-json\/wp\/v2\/posts\/24461\/revisions"}],"predecessor-version":[{"id":24462,"href":"https:\/\/www.sincomam.org.br\/index.php\/wp-json\/wp\/v2\/posts\/24461\/revisions\/24462"}],"wp:featuredmedia":[{"embeddable":true,"href":"https:\/\/www.sincomam.org.br\/index.php\/wp-json\/wp\/v2\/media\/20996"}],"wp:attachment":[{"href":"https:\/\/www.sincomam.org.br\/index.php\/wp-json\/wp\/v2\/media?parent=24461"}],"wp:term":[{"taxonomy":"category","embeddable":true,"href":"https:\/\/www.sincomam.org.br\/index.php\/wp-json\/wp\/v2\/categories?post=24461"},{"taxonomy":"post_tag","embeddable":true,"href":"https:\/\/www.sincomam.org.br\/index.php\/wp-json\/wp\/v2\/tags?post=24461"}],"curies":[{"name":"wp","href":"https:\/\/api.w.org\/{rel}","templated":true}]}}