{"id":24453,"date":"2017-08-22T09:53:12","date_gmt":"2017-08-22T12:53:12","guid":{"rendered":"http:\/\/www.sincomam.org.br\/?p=24453"},"modified":"2017-08-22T09:53:12","modified_gmt":"2017-08-22T12:53:12","slug":"produtores-brasileiros-ficam-sem-espaco-em-silos-com-acumulo-de-safras-recordes","status":"publish","type":"post","link":"https:\/\/www.sincomam.org.br\/index.php\/produtores-brasileiros-ficam-sem-espaco-em-silos-com-acumulo-de-safras-recordes\/","title":{"rendered":"Produtores brasileiros ficam sem espa\u00e7o em silos com ac\u00famulo de safras recordes"},"content":{"rendered":"<p>Em um armaz\u00e9m na principal regi\u00e3o agr\u00edcola do Brasil, o produtor Rafael Bilibio observa caminh\u00f5es se enfileirando para descarregar milho no ch\u00e3o, a c\u00e9u aberto, ao lado de enormes silos de armazenagem.<\/p>\n<p>Seu pr\u00f3prio milho, pronto para ser despejado de um caminh\u00e3o de 50 toneladas que acabou de chegar, est\u00e1 destinado a se unir ao monte, que j\u00e1 alcan\u00e7a cerca de 20 metros de altura, uma vez que os silos continuam cheios da soja colhida este ano no Estado do Mato Grosso.<\/p>\n<p>&#8220;Pela primeira vez na hist\u00f3ria, produtores aqui v\u00e3o empilhar uma colheita em cima da outra&#8221;, disse Bilibio, de 33 anos, que cultiva cerca de 4.700 hectares de soja e milho perto de Vera, no m\u00e9dio-norte do Estado.<\/p>\n<p>Do Iowa \u00e0 China, anos de safras recordes e baixos pre\u00e7os t\u00eam sobrecarregado armaz\u00e9ns de milho, trigo e outros alimentos b\u00e1sicos. A situa\u00e7\u00e3o est\u00e1 pressionando a renda dos produtores e tornando mais dif\u00edcil para tradings como a Archer Daniels Midland e Bunge obterem lucros.<\/p>\n<p>Mas o Brasil, maior exportador mundial de soja e o segundo em milho, atr\u00e1s dos Estados Unidos, v\u00ea os gr\u00e3os se amontorarem por causa da segunda safra do cereal, que historicamente \u00e9 uma cultura de rota\u00e7\u00e3o.<\/p>\n<p>A segunda safra de milho, ou &#8220;safrinha&#8221;, foi t\u00e3o grande neste ano, e os pre\u00e7os est\u00e3o t\u00e3o baixos, que os produtores n\u00e3o tiveram outra op\u00e7\u00e3o sen\u00e3o deix\u00e1-la exposta ao tempo.<\/p>\n<p>No Mato Grosso, a grande colheita tornou as op\u00e7\u00f5es para armazenagem permanente ainda mais limitadas, uma vez que parte da produ\u00e7\u00e3o recorde de soja ainda est\u00e1 nos silos enquanto produtores aguardam uma recupera\u00e7\u00e3o dos pre\u00e7os.<\/p>\n<p>O ac\u00famulo demonstra os problemas de infraestrutura na maior economia da Am\u00e9rica Latina, onde os cr\u00f4nicos gargalos log\u00edsticos foram piorados pela recusa de produtores a vender sua produ\u00e7\u00e3o em meio \u00e0 queda nos pre\u00e7os, com efeitos diversos.<\/p>\n<p>Os estoques do Brasil foram ainda aumentados pela safra extra de milho que seu clima permite, e que dever\u00e1 alcan\u00e7ar 66,6 milh\u00f5es de toneladas neste ano, de um total de 97,2 milh\u00f5es de toneladas.<\/p>\n<p>Produtores dizem que os estoques de gr\u00e3os podem ainda estar l\u00e1 quando a pr\u00f3xima colheita de soja acontecer em janeiro, enquanto os volumes de passagem para as duas commodities terminar\u00e3o a temporada em m\u00e1ximas recordes, segundo estimativas do governo e setor privado.<\/p>\n<p>A decis\u00e3o de reter a soja ocorre em outros lugares do Pa\u00eds, com os pre\u00e7os locais da soja cerca de 23 por cento mais baixos, a 69 reais por saca, em rela\u00e7\u00e3o a agosto de 2016, segundo o Instituto Mato-grossense de Economia Agropecu\u00e1ria (Imea).<\/p>\n<p>A relut\u00e2ncia dos produtores em vender enxugou as margens de empresas como ADM e Bunge no \u00faltimo trimestre, uma vez que as tradings de gr\u00e3os tiveram que pagar mais que o esperado pela soja para honrar compromissos.<\/p>\n<p>&#8220;Eu venderia minha soja se os pre\u00e7os alcan\u00e7assem 62 reais por saca&#8221;, disse Cayron Giacomelli, outro produtor do Mato Grosso. Houve ofertas de 55 reais na sua regi\u00e3o, e ele ainda guarda de 15 a 20 por cento da soja colhida na safra atual.<\/p>\n<p>SOLU\u00c7\u00c3O R\u00c1PIDA?<\/p>\n<p>Em dois armaz\u00e9ns pr\u00f3ximos das cidades de Sorriso e Lucas do Rio Verde, o milho empilhado \u00e0 ceu aberto daria para alimentar algo como 108 mil porcos por um ano.<\/p>\n<p>Cerca de 3 por cento do milho deixado fora pode ser perdido, segundo o presidente da associa\u00e7\u00e3o de produtores Aprosoja, Endrigo Dalcin, mas o atual clima seco reduz as chances de o produto estragar.<\/p>\n<p>As montanhas de gr\u00e3os s\u00e3o um testemunho da falta de silos em Mato Grosso, onde o d\u00e9ficit de armazenagem \u00e9 estimado em 39 milh\u00f5es de toneladas, disse a Aprosoja.<\/p>\n<p>Sendo assim, alguns produtores est\u00e3o recorrendo a uma solu\u00e7\u00e3o r\u00e1pida e comum na Argentina: os chamados &#8220;silos-bag&#8221;, que consistem de longos revestimentos de pl\u00e1stico para estocar produtos no campo e proteg\u00ea-los da chuva e do vento.<\/p>\n<p>Maria Am\u00e9lia Tirloni, que cultiva 5.500 hectares de milho e soja em Tapurah, disse que os problemas de infraestrutura do Estado coloca os produtores no Brasil em desvantagem.<\/p>\n<p>Al\u00e9m da dist\u00e2ncia entre fazendas e mercados consumidores, ela diz que as estradas s\u00e3o ruins e insuficientes.<\/p>\n<p>&#8220;A quest\u00e3o de armazenagem tamb\u00e9m torna produtores ref\u00e9ns de taxas de frete abusivas durante a colheita&#8221;, disse Tirloni.<\/p>\n<p>Tapurah, que fica longe da ferrovia, depende de caminh\u00f5es, os quais frequentemente rodam mais de 2.100 quil\u00f4metros at\u00e9 o porto. Seja como for, os produtores ter\u00e3o que arranjar espa\u00e7o para sua pr\u00f3xima safra de soja, plantada em setembro e colhida em janeiro, quando fortes chuvas poderiam colocar sua grande produ\u00e7\u00e3o em risco.<\/p>\n<p>Com o milho da segunda safra, o Brasil aumentou exporta\u00e7\u00f5es entre esses meses, mas restam d\u00favidas sobre se os produtores ser\u00e3o capazes de mover toda sua produ\u00e7\u00e3o agora.<\/p>\n<p>&#8220;Essa situa\u00e7\u00e3o pode afetar a pr\u00f3xima safra de soja se o milho n\u00e3o for vendido&#8221;, disse Dalcin. &#8220;Estamos preocupados com a falta de espa\u00e7o.&#8221;<\/p>\n<p>Fonte: Reuters<\/p>\n","protected":false},"excerpt":{"rendered":"<p>Em um armaz\u00e9m na principal regi\u00e3o agr\u00edcola do Brasil, o produtor Rafael Bilibio observa caminh\u00f5es se enfileirando para descarregar milho no ch\u00e3o, a c\u00e9u aberto,&#8230;<\/p>\n","protected":false},"author":1182,"featured_media":18822,"comment_status":"closed","ping_status":"closed","sticky":false,"template":"","format":"standard","meta":{"footnotes":""},"categories":[6],"tags":[],"class_list":["post-24453","post","type-post","status-publish","format-standard","has-post-thumbnail","hentry","category-noticias"],"_links":{"self":[{"href":"https:\/\/www.sincomam.org.br\/index.php\/wp-json\/wp\/v2\/posts\/24453","targetHints":{"allow":["GET"]}}],"collection":[{"href":"https:\/\/www.sincomam.org.br\/index.php\/wp-json\/wp\/v2\/posts"}],"about":[{"href":"https:\/\/www.sincomam.org.br\/index.php\/wp-json\/wp\/v2\/types\/post"}],"author":[{"embeddable":true,"href":"https:\/\/www.sincomam.org.br\/index.php\/wp-json\/wp\/v2\/users\/1182"}],"replies":[{"embeddable":true,"href":"https:\/\/www.sincomam.org.br\/index.php\/wp-json\/wp\/v2\/comments?post=24453"}],"version-history":[{"count":1,"href":"https:\/\/www.sincomam.org.br\/index.php\/wp-json\/wp\/v2\/posts\/24453\/revisions"}],"predecessor-version":[{"id":24454,"href":"https:\/\/www.sincomam.org.br\/index.php\/wp-json\/wp\/v2\/posts\/24453\/revisions\/24454"}],"wp:featuredmedia":[{"embeddable":true,"href":"https:\/\/www.sincomam.org.br\/index.php\/wp-json\/wp\/v2\/media\/18822"}],"wp:attachment":[{"href":"https:\/\/www.sincomam.org.br\/index.php\/wp-json\/wp\/v2\/media?parent=24453"}],"wp:term":[{"taxonomy":"category","embeddable":true,"href":"https:\/\/www.sincomam.org.br\/index.php\/wp-json\/wp\/v2\/categories?post=24453"},{"taxonomy":"post_tag","embeddable":true,"href":"https:\/\/www.sincomam.org.br\/index.php\/wp-json\/wp\/v2\/tags?post=24453"}],"curies":[{"name":"wp","href":"https:\/\/api.w.org\/{rel}","templated":true}]}}