{"id":24434,"date":"2017-08-21T09:08:09","date_gmt":"2017-08-21T12:08:09","guid":{"rendered":"http:\/\/www.sincomam.org.br\/?p=24434"},"modified":"2017-08-21T09:08:09","modified_gmt":"2017-08-21T12:08:09","slug":"equipe-economica-sai-em-defesa-da-aprovacao-da-tlp","status":"publish","type":"post","link":"https:\/\/www.sincomam.org.br\/index.php\/equipe-economica-sai-em-defesa-da-aprovacao-da-tlp\/","title":{"rendered":"Equipe econ\u00f4mica sai em defesa da aprova\u00e7\u00e3o da TLP"},"content":{"rendered":"<p>A equipe econ\u00f4mica do governo decidiu sair em defesa da TLP, a taxa de juros de longo prazo que vai substituir a TJLP nos empr\u00e9stimos do BNDES no ano que vem. Em eventos diferentes, o ministro da Fazenda, Henrique Meirelles, e o secret\u00e1rio de Pol\u00edtica Econ\u00f4mica, Mansueto de Almeida, defenderam a mudan\u00e7a da taxa que reduz os subs\u00eddios nos empr\u00e9stimos do banco. At\u00e9 o presidente do BNDES, Paulo Rabello de Castro, que j\u00e1 esteve do outro lado ao criticar a metodologia de c\u00e1lculo da TLP, em junho, voltou a se manifestar favoravelmente \u00e0 nova taxa.<\/p>\n<p>Em S\u00e3o Paulo, Meirelles disse que a proposta de cria\u00e7\u00e3o da taxa que se encontra em tramita\u00e7\u00e3o na C\u00e2mara \u00e9 &#8220;um dos projetos mais importantes&#8221; enviados pelo governo ao Congresso.<\/p>\n<p>&#8220;N\u00e3o \u00e9 justo que haja grandes empresas com taxas de juros mais baixas, e a popula\u00e7\u00e3o, as pequenas empresas, as m\u00e9dias e as que n\u00e3o t\u00eam acesso ao BNDES paguem taxas mais altas&#8221;, disse Meirelles. Segundo ele, a aprova\u00e7\u00e3o da TLP representar\u00e1 juros menores para a maior parte da popula\u00e7\u00e3o. &#8220;A ideia \u00e9 ter um banco de desenvolvimento forte, mas compat\u00edvel com as taxas de juros do pa\u00eds.&#8221;<\/p>\n<p>Tamb\u00e9m em S\u00e3o Paulo, Mansueto afirmou que a nova taxa &#8220;vai ser boa para todo mundo&#8221;. &#8220;A transi\u00e7\u00e3o para a TLP vai levar cinco anos, mas se estivesse em vigor hoje, estaria em 8%. Melhor ter um taxa de juros que seja baixa, que seja boa para todo mundo, do que ter uma taxa artificial decidida por tr\u00eas pessoas dentro do Conselho Monet\u00e1rio Nacional&#8221;, disse, referindo-se \u00e0 TJLP.<\/p>\n<p>Mansueto disse ainda que a estrat\u00e9gia do governo, por enquanto, \u00e9 aprovar a medida provis\u00f3ria da TLP at\u00e9 6 de setembro. Questionado se o governo j\u00e1 trabalha em um projeto de lei como &#8220;plano B&#8221;, Mansueto reafirmou que o governo espera a aprova\u00e7\u00e3o antes do prazo de prescri\u00e7\u00e3o da MP.<\/p>\n<p>&#8220;Se votar na ter\u00e7a-feira que vem [na comiss\u00e3o], em seguida votar no plen\u00e1rio da C\u00e2mara e imediatamente for para o Senado, \u00e9 poss\u00edvel, sim, aprovar a MP antes de 6 de setembro&#8221;, afirmou. &#8220;Vamos trabalhar primeiro com esse cronograma, n\u00e3o adianta por enquanto ficar falando em hip\u00f3teses.&#8221;<\/p>\n<p>A MP prev\u00ea que a taxa vai convergir em cinco anos para a NTN-B (pap\u00e9is do Tesouro corrigidos pelo IPCA) de mesmo prazo, eliminando gradualmente os subs\u00eddios nos empr\u00e9stimos do BNDES.<\/p>\n<p>A substitui\u00e7\u00e3o da TJLP pela TLP nos empr\u00e9stimos do BNDES \u00e9 fundamental para que o Brasil tenha juros estruturais mais baixos, disse o Bank of America Merrill Lynch em relat\u00f3rio. A institui\u00e7\u00e3o afirma que a ado\u00e7\u00e3o da TLP \u00e9 um das mudan\u00e7as importantes de car\u00e1ter estrutural perseguidas pelo governo, junto com a reforma da Previd\u00eancia.<\/p>\n<p>&#8220;A medida \u00e9 importante tanto para reduzir subs\u00eddios na economia como para melhorar a efic\u00e1cia da pol\u00edtica monet\u00e1ria e permitir n\u00edveis mais baixos para os juros estruturais&#8221;, afirma o texto. O relat\u00f3rio diz que, no lado fiscal, um dos principais impactos ser\u00e1 a redu\u00e7\u00e3o dos subs\u00eddios impl\u00edcitos, aqueles que n\u00e3o aparecem no Or\u00e7amento.<\/p>\n<p>Em Bras\u00edlia, Rabello de Castro voltou a negar ter feito cr\u00edticas \u00e0 proposta de cria\u00e7\u00e3o da TLP. O presidente do BNDES afirmou que a aprova\u00e7\u00e3o da MP que institui a TLP est\u00e1 at\u00e9 &#8220;tardando&#8221;. Na segunda-feira, ele havia dito que seria bom se a MP fosse aprovada no prazo, mas que n\u00e3o seria o &#8220;fim do mundo&#8221; se fosse necess\u00e1rio trabalhar um pouco mais na sua defini\u00e7\u00e3o.<\/p>\n<p>Mansueto negou que o ajuste fiscal tenha sido adiado para o pr\u00f3ximo governo depois da altera\u00e7\u00e3o da meta fiscal para 2017 e 2018, feita esta semana, de d\u00e9ficit de R$ 139 bilh\u00f5es para R$ 159 bilh\u00f5es. Segundo ele, h\u00e1 expectativa de queda na despesa prim\u00e1ria com rela\u00e7\u00e3o ao Produto Interno Bruto at\u00e9 2018.<\/p>\n<p>&#8220;O ajuste n\u00e3o foi adiado. Se voc\u00ea olhar o dado da despesa prim\u00e1ria, deste ano e do pr\u00f3ximo, vai ver que a despesa sobre PIB vai cair&#8221;, comentou, rebatendo reportagem publicada ontem pelo Valor.<\/p>\n<p>Segundo Mansueto, a queda &#8220;grande e r\u00e1pida&#8221; da infla\u00e7\u00e3o tirou R$ 23 bilh\u00f5es de receita este ano e afeta a base para o ano seguinte. Mansueto afirmou tamb\u00e9m que o prazo para aprova\u00e7\u00e3o da reforma da Previd\u00eancia vai depender do tempo necess\u00e1rio para se chegar a um consenso pol\u00edtico.<\/p>\n<p>&#8220;A reforma j\u00e1 foi aprovada na Comiss\u00e3o Especial, j\u00e1 esta pronta para ser levada ao plen\u00e1rio da C\u00e2mara, resta saber quanto tempo ser\u00e1 necess\u00e1rio para fazer o acordo politico&#8221;, disse. Segundo o secret\u00e1rio, os l\u00edderes pol\u00edticos estar\u00e3o conversando com todos os partidos nas pr\u00f3ximas duas semanas para ver exatamente, a partir do relat\u00f3rio aprovado na comiss\u00e3o, o que \u00e9 consensual e o que n\u00e3o \u00e9.<\/p>\n<p>Mansueto foi questionado sobre o que seria imprescind\u00edvel aprovar na reforma. &#8220;Idade m\u00ednima e regra de transi\u00e7\u00e3o, n\u00e3o d\u00e1 para abrir m\u00e3o&#8221;, afirmou. &#8220;O ideal seria ter consenso para votar o relat\u00f3rio do deputado Arthur Maia [PPS-BA], que j\u00e1 foi bastante negociado.&#8221;<\/p>\n<p>Fonte: Valor<\/p>\n","protected":false},"excerpt":{"rendered":"<p>A equipe econ\u00f4mica do governo decidiu sair em defesa da TLP, a taxa de juros de longo prazo que vai substituir a TJLP nos empr\u00e9stimos&#8230;<\/p>\n","protected":false},"author":1182,"featured_media":18439,"comment_status":"closed","ping_status":"closed","sticky":false,"template":"","format":"standard","meta":{"footnotes":""},"categories":[6],"tags":[],"class_list":["post-24434","post","type-post","status-publish","format-standard","has-post-thumbnail","hentry","category-noticias"],"_links":{"self":[{"href":"https:\/\/www.sincomam.org.br\/index.php\/wp-json\/wp\/v2\/posts\/24434","targetHints":{"allow":["GET"]}}],"collection":[{"href":"https:\/\/www.sincomam.org.br\/index.php\/wp-json\/wp\/v2\/posts"}],"about":[{"href":"https:\/\/www.sincomam.org.br\/index.php\/wp-json\/wp\/v2\/types\/post"}],"author":[{"embeddable":true,"href":"https:\/\/www.sincomam.org.br\/index.php\/wp-json\/wp\/v2\/users\/1182"}],"replies":[{"embeddable":true,"href":"https:\/\/www.sincomam.org.br\/index.php\/wp-json\/wp\/v2\/comments?post=24434"}],"version-history":[{"count":1,"href":"https:\/\/www.sincomam.org.br\/index.php\/wp-json\/wp\/v2\/posts\/24434\/revisions"}],"predecessor-version":[{"id":24435,"href":"https:\/\/www.sincomam.org.br\/index.php\/wp-json\/wp\/v2\/posts\/24434\/revisions\/24435"}],"wp:featuredmedia":[{"embeddable":true,"href":"https:\/\/www.sincomam.org.br\/index.php\/wp-json\/wp\/v2\/media\/18439"}],"wp:attachment":[{"href":"https:\/\/www.sincomam.org.br\/index.php\/wp-json\/wp\/v2\/media?parent=24434"}],"wp:term":[{"taxonomy":"category","embeddable":true,"href":"https:\/\/www.sincomam.org.br\/index.php\/wp-json\/wp\/v2\/categories?post=24434"},{"taxonomy":"post_tag","embeddable":true,"href":"https:\/\/www.sincomam.org.br\/index.php\/wp-json\/wp\/v2\/tags?post=24434"}],"curies":[{"name":"wp","href":"https:\/\/api.w.org\/{rel}","templated":true}]}}