{"id":24309,"date":"2017-08-18T10:08:31","date_gmt":"2017-08-18T13:08:31","guid":{"rendered":"http:\/\/www.sincomam.org.br\/?p=24309"},"modified":"2017-08-18T10:08:31","modified_gmt":"2017-08-18T13:08:31","slug":"pecem-inaugura-nova-rota-de-frutas-para-a-europa","status":"publish","type":"post","link":"https:\/\/www.sincomam.org.br\/index.php\/pecem-inaugura-nova-rota-de-frutas-para-a-europa\/","title":{"rendered":"Pec\u00e9m inaugura nova rota de frutas para a Europa"},"content":{"rendered":"<p>Com o in\u00edcio da safra de frutas, todas as sextas-feiras, a partir de 18 agosto deste ano, o Porto do Pec\u00e9m passa a ter mais uma rota com destino a Europa. O novo servi\u00e7o pertencente a MSC tem como destino os portos da Antu\u00e9rpia, chegando em 10 dias, Roterd\u00e3 (12 dias), Hamburgo (14 dias), Bremerhaven (16 dias) e Le Havre (18 dias).<\/p>\n<p>As frutas seguem em cont\u00eaineres refrigerados, o Cear\u00e1 e o Rio Grande do Norte s\u00e3o os principais exportadores de mel\u00e3o, melancia e banana. As uvas e mangas escoadas pelo Porto do Pec\u00e9m prov\u00eam, principalmente, de Petrolina na Bahia. At\u00e9 junho deste ano o aumento foi de 26%, espera-se que o resultado seja ainda maior ap\u00f3s o in\u00edcio da opera\u00e7\u00e3o da nova linha.<\/p>\n<p>Em 2016, o Porto do Pec\u00e9m finalizou o ano em primeiro lugar no ranking nacional de exporta\u00e7\u00e3o de frutas frescas com 213 mil toneladas movimentadas. O presidente da Cear\u00e1portos, Danilo Serpa, mostra-se confiante e acredita que este ser\u00e1 um ano de muitas conquistas.<\/p>\n<p>&#8220;Esperamos que com esse novo servi\u00e7o, 2017 apresente um crescimento significativo neste setor. Vamos continuar trabalhando para que Pec\u00e9m continue crescendo e conquistando mais clientes&#8221;,\u00a0 declarou Serpa.<\/p>\n<p>Segundo Elber Justo, diretor presidente da MSC Brasil, a escolha pelo Porto do Pec\u00e9m foi estrat\u00e9gica pela localiza\u00e7\u00e3o e infraestrutura para a opera\u00e7\u00e3o com frutas.<\/p>\n<p>\u201cEntendemos que o Porto do Pec\u00e9m integra elementos importantes no modal mar\u00edtimo e rodovi\u00e1rio para assistir nossos clientes. Estamos no momento em que o mercado demanda investimentos e melhor estrutura para receber navios maiores, al\u00e9m de melhor qualidade no servi\u00e7o de cont\u00eaineres refrigerados. O Porto oferece um servi\u00e7o com tempo de tr\u00e2nsito importante para atender mercados europeus \u2013 afinal, estamos tratando de fruta, uma mercadoria sens\u00edvel ao tempo de entrega, ou seja, a demanda exige uma combina\u00e7\u00e3o de fatores log\u00edsticos para que o servi\u00e7o seja bem sucedido\u201d, afirma Justo.<\/p>\n<p>Para a diretora de desenvolvimento comercial do Porto, Rebeca Oliveira, \u00e9 um orgulho para o estado fornecer mais este servi\u00e7o para seus clientes.\u00a0 &#8220;Esperamos alcan\u00e7ar, no pico das opera\u00e7\u00f5es, cerca de 1300 unidades de cont\u00eaineres embarcados por semana&#8221;, destaca.<\/p>\n<p>Atualmente, o Norte da Europa, que ser\u00e1 contemplado com o novo servi\u00e7o, j\u00e1 \u00e9 atendido com uma linha da Maersk, enquanto a Hamburg Sud atende ao mercado americano.<\/p>\n<p>Fonte: Cear\u00e1Portos<\/p>\n","protected":false},"excerpt":{"rendered":"<p>Com o in\u00edcio da safra de frutas, todas as sextas-feiras, a partir de 18 agosto deste ano, o Porto do Pec\u00e9m passa a ter mais&#8230;<\/p>\n","protected":false},"author":1182,"featured_media":19265,"comment_status":"closed","ping_status":"closed","sticky":false,"template":"","format":"standard","meta":{"footnotes":""},"categories":[6],"tags":[],"class_list":["post-24309","post","type-post","status-publish","format-standard","has-post-thumbnail","hentry","category-noticias"],"_links":{"self":[{"href":"https:\/\/www.sincomam.org.br\/index.php\/wp-json\/wp\/v2\/posts\/24309","targetHints":{"allow":["GET"]}}],"collection":[{"href":"https:\/\/www.sincomam.org.br\/index.php\/wp-json\/wp\/v2\/posts"}],"about":[{"href":"https:\/\/www.sincomam.org.br\/index.php\/wp-json\/wp\/v2\/types\/post"}],"author":[{"embeddable":true,"href":"https:\/\/www.sincomam.org.br\/index.php\/wp-json\/wp\/v2\/users\/1182"}],"replies":[{"embeddable":true,"href":"https:\/\/www.sincomam.org.br\/index.php\/wp-json\/wp\/v2\/comments?post=24309"}],"version-history":[{"count":1,"href":"https:\/\/www.sincomam.org.br\/index.php\/wp-json\/wp\/v2\/posts\/24309\/revisions"}],"predecessor-version":[{"id":24310,"href":"https:\/\/www.sincomam.org.br\/index.php\/wp-json\/wp\/v2\/posts\/24309\/revisions\/24310"}],"wp:featuredmedia":[{"embeddable":true,"href":"https:\/\/www.sincomam.org.br\/index.php\/wp-json\/wp\/v2\/media\/19265"}],"wp:attachment":[{"href":"https:\/\/www.sincomam.org.br\/index.php\/wp-json\/wp\/v2\/media?parent=24309"}],"wp:term":[{"taxonomy":"category","embeddable":true,"href":"https:\/\/www.sincomam.org.br\/index.php\/wp-json\/wp\/v2\/categories?post=24309"},{"taxonomy":"post_tag","embeddable":true,"href":"https:\/\/www.sincomam.org.br\/index.php\/wp-json\/wp\/v2\/tags?post=24309"}],"curies":[{"name":"wp","href":"https:\/\/api.w.org\/{rel}","templated":true}]}}