{"id":24307,"date":"2017-08-18T10:02:07","date_gmt":"2017-08-18T13:02:07","guid":{"rendered":"http:\/\/www.sincomam.org.br\/?p=24307"},"modified":"2017-08-18T10:02:07","modified_gmt":"2017-08-18T13:02:07","slug":"economia-brasileira-tem-momento-de-alivio-apos-tres-anos-de-crise","status":"publish","type":"post","link":"https:\/\/www.sincomam.org.br\/index.php\/economia-brasileira-tem-momento-de-alivio-apos-tres-anos-de-crise\/","title":{"rendered":"Economia brasileira tem momento de al\u00edvio ap\u00f3s tr\u00eas anos de crise"},"content":{"rendered":"<p>Os indicadores econ\u00f4micos de junho surpreenderam positivamente, dando for\u00e7a \u00e0 tese de que a recess\u00e3o iniciada h\u00e1 tr\u00eas anos est\u00e1 finalmente sendo deixada para tr\u00e1s.<\/p>\n<p>O ponto de inflex\u00e3o parece ter sido o segundo trimestre do ano, per\u00edodo no qual os dados da produ\u00e7\u00e3o industrial, do varejo e dos servi\u00e7os mostraram alguma for\u00e7a.<\/p>\n<p>Os analistas, no entanto, seguem cautelosos, monitorando o ambiente pol\u00edtico interno e, sobretudo, a hip\u00f3tese de uma acelera\u00e7\u00e3o do ritmo de aumento dos juros nos Estados Unidos.<\/p>\n<p>&#8220;Levando em considera\u00e7\u00e3o a turbul\u00eancia pol\u00edtica nos \u00faltimos meses, acreditamos que a economia teve um desempenho razo\u00e1vel [no segundo trimestre], sugerindo que a recess\u00e3o de quase tr\u00eas anos do pa\u00eds acabou&#8221;, diz Fabio Ramos, do UBS.<\/p>\n<p>Ramos diz que o resultado ainda fraco do IBC-Br, indicador do Banco Central que antecipa o PIB (Produto Interno Bruto), n\u00e3o desapontou.<\/p>\n<p>No segundo trimestre, o indicador subiu 0,3%, mas os dados at\u00e9 maio sugeriam um desempenho ainda pior.<\/p>\n<p>Em relat\u00f3rio, Ramos diz que os dados do segundo trimestre refor\u00e7am a previs\u00e3o do UBS de alta de 0,5% para o PIB de 2017 e que uma melhora no segundo semestre dependeria de reformas e medidas fiscais adicionais.<\/p>\n<p>Flavio Serrano, economista do Haitong, diz que o desempenho dos indicadores de junho reduz a probabilidade de uma leitura negativa do PIB do segundo trimestre.<\/p>\n<p>A surpresa maior, diz ele, veio do com\u00e9rcio varejista, com alta bem acima das proje\u00e7\u00f5es em junho.<\/p>\n<p>Ainda que a atividade do segundo trimestre venha negativa, diz Serrano, \u00e9 poss\u00edvel dizer que a economia chegou num &#8220;ponto de inflex\u00e3o&#8221;. &#8220;Mas isso n\u00e3o quer dizer que vamos explodir de crescimento. A situa\u00e7\u00e3o \u00e9 de transi\u00e7\u00e3o&#8221;.<\/p>\n<p>A Rosenberg destaca a expans\u00e3o de 1,3% da receita com servi\u00e7os em junho.<\/p>\n<p>Na avalia\u00e7\u00e3o da Rosenberg, o setor de servi\u00e7os n\u00e3o vai encerrar o ano em terreno positivo, mas a queda ser\u00e1 menor do que 2016 (-5%).<\/p>\n<p>No geral, diz a consultoria, o avan\u00e7o de 1% do PIB do primeiro trimestre e uma expectativa de estabilidade para o segundo seriam indicativos &#8220;auspiciosos&#8221; de que o pa\u00eds deixa a recess\u00e3o para tr\u00e1s.<\/p>\n<p>Ap\u00f3s a divulga\u00e7\u00e3o dos indicadores da ind\u00fastria, do varejo e de servi\u00e7os em junho, o Ita\u00fa melhorou a proje\u00e7\u00e3o para o PIB do segundo trimestre, de uma queda de 0,2% para estabilidade.<\/p>\n<p>Para o Ita\u00fa, o PIB do segundo trimestre ser\u00e1 o oposto do observado de janeiro a mar\u00e7o, cuja alta foi muito concentrada na agropecu\u00e1ria.<\/p>\n<p>Embora o resultado agregado previsto para o segundo trimestre ainda seja fraco, a alta dos componentes do PIB ser\u00e1 mais disseminada.<\/p>\n<p>O banco destaca tamb\u00e9m os dados do mercado de trabalho. Ainda que o recuo da taxa de desemprego nos tr\u00eas meses at\u00e9 junho seja consequ\u00eancia do aumento da informalidade, a equipe ressalta que o trabalho informal tamb\u00e9m contribui para a alta da massa salarial, impulsionando o consumo das fam\u00edlias.<\/p>\n<p>O Banco de Tokyo avalia que h\u00e1 boas perspectivas para uma maior recupera\u00e7\u00e3o da atividade econ\u00f4mica no segundo semestre, diante de uma melhora cont\u00ednua das condi\u00e7\u00f5es do mercado de trabalho, infla\u00e7\u00e3o baixa e redu\u00e7\u00f5es da taxa Selic gradualmente transmitidas para os empr\u00e9stimos banc\u00e1rios.<\/p>\n<p>&#8220;Mas a recupera\u00e7\u00e3o est\u00e1 longe de ser consolidada, uma vez que valores mensais ainda mostram altos e baixos de atividade econ\u00f4mica.&#8221;\u00a0<\/p>\n<p>Fonte: Folha<\/p>\n","protected":false},"excerpt":{"rendered":"<p>Os indicadores econ\u00f4micos de junho surpreenderam positivamente, dando for\u00e7a \u00e0 tese de que a recess\u00e3o iniciada h\u00e1 tr\u00eas anos est\u00e1 finalmente sendo deixada para tr\u00e1s&#8230;.<\/p>\n","protected":false},"author":1182,"featured_media":19010,"comment_status":"closed","ping_status":"closed","sticky":false,"template":"","format":"standard","meta":{"footnotes":""},"categories":[6],"tags":[],"class_list":["post-24307","post","type-post","status-publish","format-standard","has-post-thumbnail","hentry","category-noticias"],"_links":{"self":[{"href":"https:\/\/www.sincomam.org.br\/index.php\/wp-json\/wp\/v2\/posts\/24307","targetHints":{"allow":["GET"]}}],"collection":[{"href":"https:\/\/www.sincomam.org.br\/index.php\/wp-json\/wp\/v2\/posts"}],"about":[{"href":"https:\/\/www.sincomam.org.br\/index.php\/wp-json\/wp\/v2\/types\/post"}],"author":[{"embeddable":true,"href":"https:\/\/www.sincomam.org.br\/index.php\/wp-json\/wp\/v2\/users\/1182"}],"replies":[{"embeddable":true,"href":"https:\/\/www.sincomam.org.br\/index.php\/wp-json\/wp\/v2\/comments?post=24307"}],"version-history":[{"count":1,"href":"https:\/\/www.sincomam.org.br\/index.php\/wp-json\/wp\/v2\/posts\/24307\/revisions"}],"predecessor-version":[{"id":24308,"href":"https:\/\/www.sincomam.org.br\/index.php\/wp-json\/wp\/v2\/posts\/24307\/revisions\/24308"}],"wp:featuredmedia":[{"embeddable":true,"href":"https:\/\/www.sincomam.org.br\/index.php\/wp-json\/wp\/v2\/media\/19010"}],"wp:attachment":[{"href":"https:\/\/www.sincomam.org.br\/index.php\/wp-json\/wp\/v2\/media?parent=24307"}],"wp:term":[{"taxonomy":"category","embeddable":true,"href":"https:\/\/www.sincomam.org.br\/index.php\/wp-json\/wp\/v2\/categories?post=24307"},{"taxonomy":"post_tag","embeddable":true,"href":"https:\/\/www.sincomam.org.br\/index.php\/wp-json\/wp\/v2\/tags?post=24307"}],"curies":[{"name":"wp","href":"https:\/\/api.w.org\/{rel}","templated":true}]}}