{"id":24305,"date":"2017-08-18T10:00:03","date_gmt":"2017-08-18T13:00:03","guid":{"rendered":"http:\/\/www.sincomam.org.br\/?p=24305"},"modified":"2017-08-18T10:00:03","modified_gmt":"2017-08-18T13:00:03","slug":"situacao-no-porto-de-imbituba-no-sul-de-sc-deve-ser-normalizada","status":"publish","type":"post","link":"https:\/\/www.sincomam.org.br\/index.php\/situacao-no-porto-de-imbituba-no-sul-de-sc-deve-ser-normalizada\/","title":{"rendered":"Situa\u00e7\u00e3o no porto de Imbituba, no Sul de SC, deve ser normalizada"},"content":{"rendered":"<p>O porto de Imbituba, no Sul catarinense, que reabriu na quarta-feira, dever\u00e1 ter sua situa\u00e7\u00e3o normalizada at\u00e9 hoje, informou a SCPar, respons\u00e1vel pelo porto. As opera\u00e7\u00f5es estavam paradas desde a \u00faltima sexta (11) por conta do mar agitado. Outros quatro portos fechados no mesmo dia voltaram a operar.<\/p>\n<p>Segundo o porto, dois navios retornaram ao cais e continuaram suas opera\u00e7\u00f5es de carga e descarga pela manh\u00e3. Quatro navios permeneciam na \u00e1rea de fundeio na tarde desta quarta, e a expectativa \u00e9 de que a situa\u00e7\u00e3o seja normalizada at\u00e9 sexta-feira (18).<\/p>\n<p>Ainda de acordo com o porto, n\u00e3o foram contabilizados atrasos por conta dos dias sem opera\u00e7\u00e3o, j\u00e1 que o mercado de navega\u00e7\u00e3o trabalha com prazos de 10 a 14 dias. &#8220;Poss\u00edveis gastos adicionais por causa dessa situa\u00e7\u00e3o j\u00e1 est\u00e3o previstos na din\u00e2mica normal de opera\u00e7\u00e3o portu\u00e1ria&#8221;, informou o porto de Imbituba, em nota.<\/p>\n<p><strong>Outros portos<\/strong><\/p>\n<p>O canal de acesso ao porto de Itaja\u00ed e Navegantes foi reaberto na manh\u00e3 de ter\u00e7a-feira (15), por volta das 6h. \u00c0s 7h, os portos de Itapo\u00e1 e S\u00e3o Francisco do Sul, no Norte, tamb\u00e9m tiveram a opera\u00e7\u00e3o normalizada.<\/p>\n<p>Fonte: G1<\/p>\n","protected":false},"excerpt":{"rendered":"<p>O porto de Imbituba, no Sul catarinense, que reabriu na quarta-feira, dever\u00e1 ter sua situa\u00e7\u00e3o normalizada at\u00e9 hoje, informou a SCPar, respons\u00e1vel pelo porto. As&#8230;<\/p>\n","protected":false},"author":1182,"featured_media":23123,"comment_status":"closed","ping_status":"closed","sticky":false,"template":"","format":"standard","meta":{"footnotes":""},"categories":[6],"tags":[],"class_list":["post-24305","post","type-post","status-publish","format-standard","has-post-thumbnail","hentry","category-noticias"],"_links":{"self":[{"href":"https:\/\/www.sincomam.org.br\/index.php\/wp-json\/wp\/v2\/posts\/24305","targetHints":{"allow":["GET"]}}],"collection":[{"href":"https:\/\/www.sincomam.org.br\/index.php\/wp-json\/wp\/v2\/posts"}],"about":[{"href":"https:\/\/www.sincomam.org.br\/index.php\/wp-json\/wp\/v2\/types\/post"}],"author":[{"embeddable":true,"href":"https:\/\/www.sincomam.org.br\/index.php\/wp-json\/wp\/v2\/users\/1182"}],"replies":[{"embeddable":true,"href":"https:\/\/www.sincomam.org.br\/index.php\/wp-json\/wp\/v2\/comments?post=24305"}],"version-history":[{"count":1,"href":"https:\/\/www.sincomam.org.br\/index.php\/wp-json\/wp\/v2\/posts\/24305\/revisions"}],"predecessor-version":[{"id":24306,"href":"https:\/\/www.sincomam.org.br\/index.php\/wp-json\/wp\/v2\/posts\/24305\/revisions\/24306"}],"wp:featuredmedia":[{"embeddable":true,"href":"https:\/\/www.sincomam.org.br\/index.php\/wp-json\/wp\/v2\/media\/23123"}],"wp:attachment":[{"href":"https:\/\/www.sincomam.org.br\/index.php\/wp-json\/wp\/v2\/media?parent=24305"}],"wp:term":[{"taxonomy":"category","embeddable":true,"href":"https:\/\/www.sincomam.org.br\/index.php\/wp-json\/wp\/v2\/categories?post=24305"},{"taxonomy":"post_tag","embeddable":true,"href":"https:\/\/www.sincomam.org.br\/index.php\/wp-json\/wp\/v2\/tags?post=24305"}],"curies":[{"name":"wp","href":"https:\/\/api.w.org\/{rel}","templated":true}]}}