{"id":24254,"date":"2017-08-16T00:45:34","date_gmt":"2017-08-16T03:45:34","guid":{"rendered":"http:\/\/sincomam.org.br\/?p=24254"},"modified":"2017-08-13T18:46:44","modified_gmt":"2017-08-13T21:46:44","slug":"petrobras-preve-intensificar-programa-de-venda-de-ativos-no-semestre","status":"publish","type":"post","link":"https:\/\/www.sincomam.org.br\/index.php\/petrobras-preve-intensificar-programa-de-venda-de-ativos-no-semestre\/","title":{"rendered":"Petrobras prev\u00ea intensificar programa de venda de ativos no semestre"},"content":{"rendered":"<p>O diretor financeiro e de rela\u00e7\u00f5es com investidores da Petrobras, Ivan Monteiro, disse que a venda de ativos da companhia deve ser intensificada ao longo do segundo semestre. \u201cJ\u00e1 levamos ao mercado informa\u00e7\u00f5es como o IPO [abertura de capital, na sigla em ingl\u00eas] da BR [Distribuidora], temos os gasodutos do Nordeste, o segmento de petroqu\u00edmico, de biocombust\u00edveis\u201d, disse.<\/p>\n<p>Em teleconfer\u00eancia com analistas para comentar desempenho da empresa, referente ao segundo trimestre, anunciados ontem, Monteiro confirmou a manuten\u00e7\u00e3o da meta de desinvestimentos de US$ 21 bilh\u00f5es para o bi\u00eanio 2017-2018 e destacou que as mudan\u00e7as regulat\u00f3rias adotadas pelo governo, visando maior competitividade dos leil\u00f5es no setor, s\u00e3o \u201caltamente ben\u00e9ficas\u201d para o programa de parcerias e venda de ativos da Petrobras.<\/p>\n<p>O executivo afirmou tamb\u00e9m que a estatal acompanha os riscos de mercado, e trabalha com alternativas, caso meta de desinvestimentos n\u00e3o seja cumprida. \u201cTemos aprendizado dos desinvestimentos anteriores que pode ser aplicado nos processos a seguir. O senso de urg\u00eancia se mant\u00e9m. A companhia monitora os riscos. Teremos, sim, op\u00e7\u00f5es, mas neste momento a companhia permanece em busca de sua meta para o per\u00edodo de 2017\/2018\u201d, disse. A meta da companhia \u00e9 obter US$ 21 bilh\u00f5es com o programa de venda de ativos at\u00e9 o fim de 2018.<\/p>\n<p>Questionado sobre o avan\u00e7o das discuss\u00f5es da petroleira com a Odebrecht a respeito da revis\u00e3o do acordo de acionistas da Braskem &#8211; visto que Petrobras e Odebrecht s\u00e3o s\u00f3cias na empresa petroqu\u00edmica -, Monteiro preferiu n\u00e3o entrar em detalhes. \u201cOs acionistas se engajaram na discuss\u00e3o do acordo. Essa \u00e9 a informa\u00e7\u00e3o p\u00fablica que podemos dar no momento\u201d, afirmou.<\/p>\n<p><strong>Investimentos<\/strong><\/p>\n<p>A companhia tamb\u00e9m pretende intensificar o n\u00edvel de investimentos para atender a meta prevista para este ano, de US$ 17 bilh\u00f5es, segundo a diretora de explora\u00e7\u00e3o e produ\u00e7\u00e3o da Petrobras, Solange Guedes. \u201cTemos uma perspectiva, mas ainda julgamos que pode ser que n\u00e3o se concretize. Vamos buscar de forma bastante intensa recuperar o n\u00edvel de investimentos at\u00e9 o fim do ano\u201d, disse.<\/p>\n<p>Ela lembrou que a empresa tem feito otimiza\u00e7\u00f5es que podem influenciar na previs\u00e3o de \u201ccapex\u201d (investimento). Mas, at\u00e9 o momento, a empresa mant\u00e9m a previs\u00e3o de investimentos este ano. No primeiro semestre, por\u00e9m, o montante empregado pela empresa foi inferior a US$ 7 bilh\u00f5es.<\/p>\n<p><strong>Pol\u00edtica de pre\u00e7os<\/strong><\/p>\n<p>Durante a teleconfer\u00eancia, o comando da empresa tamb\u00e9m tratou da nova pol\u00edtica de pre\u00e7os de combust\u00edveis da Petrobras. Segundo o gerente-executivo da \u00e1rea industrial da empresa, Claudio Schlosser, os efeitos dos reajustes s\u00f3 devem ser percebidos mais \u00e0 frente. \u201cA expectativa dessa maior agilidade [nos reajustes], do acompanhamento mais ami\u00fade das varia\u00e7\u00f5es do pre\u00e7o do [barril tipo] Brent no mercado internacional, s\u00f3 devemos perceber os efeitos um pouco mais a frente.\u201d<\/p>\n<p><strong>Emiss\u00e3o<\/strong><\/p>\n<p>A companhia tamb\u00e9m informou que prepara uma emiss\u00e3o em renda fixa no mercado de capitais nacional &#8211; mas n\u00e3o informou o prazo. Segundo o diretor financeiro, a Petrobras n\u00e3o planeja fazer capta\u00e7\u00f5es no mercado internacional neste ano.<\/p>\n<p>Monteiro reafirmou que a companhia pretende refinanciar d\u00edvida, com vencimento em 2018, para reduzir o montante a vencer no pr\u00f3ximo ano, por ser per\u00edodo eleitoral, lembrou. Historicamente, no Brasil, anos eleitorais s\u00e3o mais vol\u00e1teis para mercado de a\u00e7\u00f5es.<\/p>\n<p>Fonte: Valor<\/p>\n<div class=\"jwDisqusForm\"><\/div>\n","protected":false},"excerpt":{"rendered":"<p>O diretor financeiro e de rela\u00e7\u00f5es com investidores da Petrobras, Ivan Monteiro, disse que a venda de ativos da companhia deve ser intensificada ao longo&#8230;<\/p>\n","protected":false},"author":1182,"featured_media":22120,"comment_status":"closed","ping_status":"closed","sticky":false,"template":"","format":"standard","meta":{"footnotes":""},"categories":[6],"tags":[],"class_list":["post-24254","post","type-post","status-publish","format-standard","has-post-thumbnail","hentry","category-noticias"],"_links":{"self":[{"href":"https:\/\/www.sincomam.org.br\/index.php\/wp-json\/wp\/v2\/posts\/24254","targetHints":{"allow":["GET"]}}],"collection":[{"href":"https:\/\/www.sincomam.org.br\/index.php\/wp-json\/wp\/v2\/posts"}],"about":[{"href":"https:\/\/www.sincomam.org.br\/index.php\/wp-json\/wp\/v2\/types\/post"}],"author":[{"embeddable":true,"href":"https:\/\/www.sincomam.org.br\/index.php\/wp-json\/wp\/v2\/users\/1182"}],"replies":[{"embeddable":true,"href":"https:\/\/www.sincomam.org.br\/index.php\/wp-json\/wp\/v2\/comments?post=24254"}],"version-history":[{"count":1,"href":"https:\/\/www.sincomam.org.br\/index.php\/wp-json\/wp\/v2\/posts\/24254\/revisions"}],"predecessor-version":[{"id":24255,"href":"https:\/\/www.sincomam.org.br\/index.php\/wp-json\/wp\/v2\/posts\/24254\/revisions\/24255"}],"wp:featuredmedia":[{"embeddable":true,"href":"https:\/\/www.sincomam.org.br\/index.php\/wp-json\/wp\/v2\/media\/22120"}],"wp:attachment":[{"href":"https:\/\/www.sincomam.org.br\/index.php\/wp-json\/wp\/v2\/media?parent=24254"}],"wp:term":[{"taxonomy":"category","embeddable":true,"href":"https:\/\/www.sincomam.org.br\/index.php\/wp-json\/wp\/v2\/categories?post=24254"},{"taxonomy":"post_tag","embeddable":true,"href":"https:\/\/www.sincomam.org.br\/index.php\/wp-json\/wp\/v2\/tags?post=24254"}],"curies":[{"name":"wp","href":"https:\/\/api.w.org\/{rel}","templated":true}]}}