{"id":24248,"date":"2017-08-15T00:27:01","date_gmt":"2017-08-15T03:27:01","guid":{"rendered":"http:\/\/sincomam.org.br\/?p=24248"},"modified":"2017-08-13T18:42:58","modified_gmt":"2017-08-13T21:42:58","slug":"soja-e-milho-representam-89-da-safra-de-graos","status":"publish","type":"post","link":"https:\/\/www.sincomam.org.br\/index.php\/soja-e-milho-representam-89-da-safra-de-graos\/","title":{"rendered":"Soja e milho representam 89% da safra de gr\u00e3os"},"content":{"rendered":"<p>Colheita de soja em Rio Verde (GO) em fevereiro: segundo a Conab, a produ\u00e7\u00e3o do carro-chefe do agroneg\u00f3cio nacional chegou a 114 milh\u00f5es de toneladas<\/p>\n<p>Novos ajustes para cima nas estimativas para as colheitas de soja e milho levaram a Companhia Nacional de Abastecimento (Conab) e o Instituto Brasileiro de Geografia e Estat\u00edstica (IBGE) a inflar um pouco mais, em levantamentos divulgados ontem, suas proje\u00e7\u00f5es para a produ\u00e7\u00e3o recorde de gr\u00e3os do pa\u00eds na temporada 2016\/17.<\/p>\n<p>Conforme a Conab, o volume total alcan\u00e7ar\u00e1 238,2 milh\u00f5es de toneladas, 1 milh\u00e3o a mais que o previsto em julho e volume 27,7% superior ao de 2015\/16, 88,7% dele composto por soja e milho. Segundo o IBGE, a safra somar\u00e1 242,1 milh\u00f5es de toneladas, com aumentos de 0,7% em rela\u00e7\u00e3o ao estimado anteriormente e de 31,1% sobre o ciclo passado.<\/p>\n<p>O clima favor\u00e1vel novamente foi o respons\u00e1vel palas corre\u00e7\u00f5es realizadas pelos \u00f3rg\u00e3os do governo. Segundo os novos n\u00fameros da Conab, a colheita de soja, j\u00e1 encerrada, chegou ao recorde de 114 milh\u00f5es de toneladas, 19,5% mais que em 2015\/16. Mais de metade desse volume ser\u00e1 destinado \u00e0s exporta\u00e7\u00f5es, principalmente para a China. Os embarques do gr\u00e3o passaram a ser estimados em 63 milh\u00f5es, um recorde 22% superior ao total vendido ao exterior na temporada passada.<\/p>\n<p>Ainda conforme a Conab, a produ\u00e7\u00e3o brasileira de milho alcan\u00e7ar\u00e1, no total, 97,2 milh\u00f5es de toneladas, um incremento de 46,1% na compara\u00e7\u00e3o com o ciclo passado &#8211; o cereal foi a cultura mais prejudicada pelas adversidades provocadas pelo El Ni\u00f1o em 2015\/16. A segunda safra, que est\u00e1 sendo colhida, tende a atingir 66,7 milh\u00f5es de toneladas, 63,5% acima do volume registrado na temporada anterior. A produ\u00e7\u00e3o de ver\u00e3o, j\u00e1 colhida, ficou em 30,5 milh\u00f5es de toneladas, aumento de 18,5%. As exporta\u00e7\u00f5es de milho, segundo a estatal, chegar\u00e3o a 28 milh\u00f5es de toneladas, alta de 48,1%.<\/p>\n<p>A Conab tamb\u00e9m ratificou o cen\u00e1rio de recupera\u00e7\u00e3o das produ\u00e7\u00f5es de arroz e feij\u00e3o do pa\u00eds em 2016\/17. No caso do arroz, o crescimento previsto \u00e9 de 16,3%, para 12,3 milh\u00f5es de toneladas; no do feij\u00e3o, de 33,5%, para 3,4 milh\u00f5es.<\/p>\n<p>Fonte: Valor<\/p>\n","protected":false},"excerpt":{"rendered":"<p>Colheita de soja em Rio Verde (GO) em fevereiro: segundo a Conab, a produ\u00e7\u00e3o do carro-chefe do agroneg\u00f3cio nacional chegou a 114 milh\u00f5es de toneladas&#8230;<\/p>\n","protected":false},"author":1182,"featured_media":18822,"comment_status":"closed","ping_status":"closed","sticky":false,"template":"","format":"standard","meta":{"footnotes":""},"categories":[6],"tags":[],"class_list":["post-24248","post","type-post","status-publish","format-standard","has-post-thumbnail","hentry","category-noticias"],"_links":{"self":[{"href":"https:\/\/www.sincomam.org.br\/index.php\/wp-json\/wp\/v2\/posts\/24248","targetHints":{"allow":["GET"]}}],"collection":[{"href":"https:\/\/www.sincomam.org.br\/index.php\/wp-json\/wp\/v2\/posts"}],"about":[{"href":"https:\/\/www.sincomam.org.br\/index.php\/wp-json\/wp\/v2\/types\/post"}],"author":[{"embeddable":true,"href":"https:\/\/www.sincomam.org.br\/index.php\/wp-json\/wp\/v2\/users\/1182"}],"replies":[{"embeddable":true,"href":"https:\/\/www.sincomam.org.br\/index.php\/wp-json\/wp\/v2\/comments?post=24248"}],"version-history":[{"count":3,"href":"https:\/\/www.sincomam.org.br\/index.php\/wp-json\/wp\/v2\/posts\/24248\/revisions"}],"predecessor-version":[{"id":24251,"href":"https:\/\/www.sincomam.org.br\/index.php\/wp-json\/wp\/v2\/posts\/24248\/revisions\/24251"}],"wp:featuredmedia":[{"embeddable":true,"href":"https:\/\/www.sincomam.org.br\/index.php\/wp-json\/wp\/v2\/media\/18822"}],"wp:attachment":[{"href":"https:\/\/www.sincomam.org.br\/index.php\/wp-json\/wp\/v2\/media?parent=24248"}],"wp:term":[{"taxonomy":"category","embeddable":true,"href":"https:\/\/www.sincomam.org.br\/index.php\/wp-json\/wp\/v2\/categories?post=24248"},{"taxonomy":"post_tag","embeddable":true,"href":"https:\/\/www.sincomam.org.br\/index.php\/wp-json\/wp\/v2\/tags?post=24248"}],"curies":[{"name":"wp","href":"https:\/\/api.w.org\/{rel}","templated":true}]}}