{"id":24240,"date":"2017-08-15T00:15:53","date_gmt":"2017-08-15T03:15:53","guid":{"rendered":"http:\/\/sincomam.org.br\/?p=24240"},"modified":"2017-08-13T18:17:11","modified_gmt":"2017-08-13T21:17:11","slug":"nova-politica-de-precos","status":"publish","type":"post","link":"https:\/\/www.sincomam.org.br\/index.php\/nova-politica-de-precos\/","title":{"rendered":"Nova pol\u00edtica de pre\u00e7os"},"content":{"rendered":"<p>A Petrobras adotou uma nova pol\u00edtica de pre\u00e7os para a venda de combust\u00edveis e g\u00e1s de cozinha. Desde julho, a estatal passou a fazer ajustes quase que di\u00e1rios na gasolina e no diesel em uma nova estrat\u00e9gia mais agressiva para reconquistar participa\u00e7\u00e3o no mercado dom\u00e9stico.<\/p>\n<p>Parente afirmou que a nova pol\u00edtica n\u00e3o impactou o resultado da companhia no trimestre. &#8220;A pol\u00edtica foi alterada no fim de julho, mas leva dois meses para ter efeito, o que s\u00f3 vai acontecer em setembro. Achamos que \u00e9 muito cedo para ver os resultados da pol\u00edtica no market share, mas estamos muito satisfeitos com a po\u00edtica, que reflete a volatilidade dos pre\u00e7os internacionais&#8221;, afirmou.<\/p>\n<p>Em abril, as importa\u00e7\u00f5es de concorrentes da Petrobras chegaram a tocar os 419 milh\u00f5es de litros, segundo a petroleira, o que em anos passados seria praticamente imposs\u00edvel, j\u00e1 que a empresa &#8211; que tem quase 100% da capacidade de refino do Brasil &#8211; mantinha os pre\u00e7os abaixo da paridade internacional.<\/p>\n<p><strong>Cr\u00e9dito do BNDES<\/strong><\/p>\n<p>A Petrobras deve voltar a operar com cr\u00e9dito do BNDES, disse Monteiro, durante entrevista coletiva para comentar os resultados do trimestre. As concess\u00f5es est\u00e3o travadas desde 2015, por ordem do Banco Central. O BC entendeu na \u00e9poca que o cr\u00e9dito concedido \u00e0 estatal superava o limite de exposi\u00e7\u00e3o do banco com um \u00fanico cliente.<\/p>\n<p>&#8220;Uma linha que a gente espera operar \u00e9 o Finame, de m\u00e1quinas e equipamentos. Esperamos usar de R$ 800 milh\u00f5es a R$ 1 bilh\u00e3o s\u00f3 de Finame&#8221;, afirmou o diretor financeiro.<\/p>\n<p>Segundo ele, a empresa espera tomar R$ 2 bilh\u00f5es em financiamentos do BNDES nos pr\u00f3ximos seis meses.<\/p>\n<p>Fonte: G1<\/p>\n<div class=\"jwDisqusForm\"><\/div>\n","protected":false},"excerpt":{"rendered":"<p>A Petrobras adotou uma nova pol\u00edtica de pre\u00e7os para a venda de combust\u00edveis e g\u00e1s de cozinha. Desde julho, a estatal passou a fazer ajustes&#8230;<\/p>\n","protected":false},"author":1182,"featured_media":10689,"comment_status":"closed","ping_status":"closed","sticky":false,"template":"","format":"standard","meta":{"footnotes":""},"categories":[6],"tags":[],"class_list":["post-24240","post","type-post","status-publish","format-standard","has-post-thumbnail","hentry","category-noticias"],"_links":{"self":[{"href":"https:\/\/www.sincomam.org.br\/index.php\/wp-json\/wp\/v2\/posts\/24240","targetHints":{"allow":["GET"]}}],"collection":[{"href":"https:\/\/www.sincomam.org.br\/index.php\/wp-json\/wp\/v2\/posts"}],"about":[{"href":"https:\/\/www.sincomam.org.br\/index.php\/wp-json\/wp\/v2\/types\/post"}],"author":[{"embeddable":true,"href":"https:\/\/www.sincomam.org.br\/index.php\/wp-json\/wp\/v2\/users\/1182"}],"replies":[{"embeddable":true,"href":"https:\/\/www.sincomam.org.br\/index.php\/wp-json\/wp\/v2\/comments?post=24240"}],"version-history":[{"count":1,"href":"https:\/\/www.sincomam.org.br\/index.php\/wp-json\/wp\/v2\/posts\/24240\/revisions"}],"predecessor-version":[{"id":24241,"href":"https:\/\/www.sincomam.org.br\/index.php\/wp-json\/wp\/v2\/posts\/24240\/revisions\/24241"}],"wp:featuredmedia":[{"embeddable":true,"href":"https:\/\/www.sincomam.org.br\/index.php\/wp-json\/wp\/v2\/media\/10689"}],"wp:attachment":[{"href":"https:\/\/www.sincomam.org.br\/index.php\/wp-json\/wp\/v2\/media?parent=24240"}],"wp:term":[{"taxonomy":"category","embeddable":true,"href":"https:\/\/www.sincomam.org.br\/index.php\/wp-json\/wp\/v2\/categories?post=24240"},{"taxonomy":"post_tag","embeddable":true,"href":"https:\/\/www.sincomam.org.br\/index.php\/wp-json\/wp\/v2\/tags?post=24240"}],"curies":[{"name":"wp","href":"https:\/\/api.w.org\/{rel}","templated":true}]}}