{"id":24217,"date":"2017-08-14T00:42:03","date_gmt":"2017-08-14T03:42:03","guid":{"rendered":"http:\/\/www.sincomam.org.br\/?p=24217"},"modified":"2017-08-11T08:43:03","modified_gmt":"2017-08-11T11:43:03","slug":"importacoes-e-exportacoes-da-china-crescem-bem-menos-que-o-esperado-em-julho","status":"publish","type":"post","link":"https:\/\/www.sincomam.org.br\/index.php\/importacoes-e-exportacoes-da-china-crescem-bem-menos-que-o-esperado-em-julho\/","title":{"rendered":"Importa\u00e7\u00f5es e exporta\u00e7\u00f5es da China crescem bem menos que o esperado em julho"},"content":{"rendered":"<p>As exporta\u00e7\u00f5es e as importa\u00e7\u00f5es da China cresceram muito menos do que o esperado em julho, alimentando preocupa\u00e7\u00f5es se a demanda global est\u00e1 come\u00e7ando a esfriar mesmo com os principais bancos centrais ocidentais considerando reduzir o est\u00edmulo maci\u00e7o adotado por anos.<\/p>\n<p>O com\u00e9rcio da China continuou crescendo com movimento saud\u00e1vel em julho, em 8,8 por cento, mas foi a taxa mais lenta deste ano.<\/p>\n<p>O crescimento das exporta\u00e7\u00f5es da China desacelerou para 7,2 por cento em julho em rela\u00e7\u00e3o ao ano anterior, ritmo mais fraco desde fevereiro e bem menor que o aumento de 11,3 por cento em junho, mostraram dados oficiais nesta ter\u00e7a-feira. Os analistas esperavam ganho de 10,9 por cento.<\/p>\n<p>J\u00e1 as importa\u00e7\u00f5es chinesas cresceram 11,0 por cento, mais lento desde dezembro e abaixo da expans\u00e3o de 17,2 por cento no m\u00eas anterior e das expectativas de 16,6 por cento.<\/p>\n<p>Alguns analistas entenderam que as leituras mais suaves vieram por fatores sazonais ou pontuais, mas outros disseram que o crescimento mais fraco das importa\u00e7\u00f5es poderia ser o primeiro sinal tang\u00edvel de uma desacelera\u00e7\u00e3o h\u00e1 muito esperada na segunda maior economia do mundo depois do primeiro semestre surpreendentemente forte.<\/p>\n<p>A China e a Europa t\u00eam impulsionado boa parte do crescimento global este ano, diante da dificuldade pol\u00edtica que os planos de est\u00edmulo que o presidente dos Estados Unidos, Donald Trump, enfrentam.<\/p>\n<p>Fonte: Reuters<\/p>\n","protected":false},"excerpt":{"rendered":"<p>As exporta\u00e7\u00f5es e as importa\u00e7\u00f5es da China cresceram muito menos do que o esperado em julho, alimentando preocupa\u00e7\u00f5es se a demanda global est\u00e1 come\u00e7ando a&#8230;<\/p>\n","protected":false},"author":1182,"featured_media":17794,"comment_status":"closed","ping_status":"closed","sticky":false,"template":"","format":"standard","meta":{"footnotes":""},"categories":[6],"tags":[],"class_list":["post-24217","post","type-post","status-publish","format-standard","has-post-thumbnail","hentry","category-noticias"],"_links":{"self":[{"href":"https:\/\/www.sincomam.org.br\/index.php\/wp-json\/wp\/v2\/posts\/24217","targetHints":{"allow":["GET"]}}],"collection":[{"href":"https:\/\/www.sincomam.org.br\/index.php\/wp-json\/wp\/v2\/posts"}],"about":[{"href":"https:\/\/www.sincomam.org.br\/index.php\/wp-json\/wp\/v2\/types\/post"}],"author":[{"embeddable":true,"href":"https:\/\/www.sincomam.org.br\/index.php\/wp-json\/wp\/v2\/users\/1182"}],"replies":[{"embeddable":true,"href":"https:\/\/www.sincomam.org.br\/index.php\/wp-json\/wp\/v2\/comments?post=24217"}],"version-history":[{"count":1,"href":"https:\/\/www.sincomam.org.br\/index.php\/wp-json\/wp\/v2\/posts\/24217\/revisions"}],"predecessor-version":[{"id":24218,"href":"https:\/\/www.sincomam.org.br\/index.php\/wp-json\/wp\/v2\/posts\/24217\/revisions\/24218"}],"wp:featuredmedia":[{"embeddable":true,"href":"https:\/\/www.sincomam.org.br\/index.php\/wp-json\/wp\/v2\/media\/17794"}],"wp:attachment":[{"href":"https:\/\/www.sincomam.org.br\/index.php\/wp-json\/wp\/v2\/media?parent=24217"}],"wp:term":[{"taxonomy":"category","embeddable":true,"href":"https:\/\/www.sincomam.org.br\/index.php\/wp-json\/wp\/v2\/categories?post=24217"},{"taxonomy":"post_tag","embeddable":true,"href":"https:\/\/www.sincomam.org.br\/index.php\/wp-json\/wp\/v2\/tags?post=24217"}],"curies":[{"name":"wp","href":"https:\/\/api.w.org\/{rel}","templated":true}]}}