{"id":24212,"date":"2017-08-11T08:01:26","date_gmt":"2017-08-11T11:01:26","guid":{"rendered":"http:\/\/www.sincomam.org.br\/?p=24212"},"modified":"2017-08-11T08:38:49","modified_gmt":"2017-08-11T11:38:49","slug":"avicultura-do-parana-bate-mais-um-recorde-de-exportacoes","status":"publish","type":"post","link":"https:\/\/www.sincomam.org.br\/index.php\/avicultura-do-parana-bate-mais-um-recorde-de-exportacoes\/","title":{"rendered":"Avicultura do Paran\u00e1 bate mais um recorde de exporta\u00e7\u00f5es"},"content":{"rendered":"<p>Maior produtor e exportador de frango do Pa\u00eds, o Paran\u00e1 segue ampliando os embarques. A receita de exporta\u00e7\u00f5es bateu novo recorde, com aumento de 8,8% de janeiro a julho de 2017 na compara\u00e7\u00e3o com o mesmo per\u00edodo do ano passado. Passou de US$ 1,28 bilh\u00e3o para US$ 1,39 bilh\u00e3o no per\u00edodo, de acordo com dados da Secretaria de Com\u00e9rcio Exterior (Secex) do Minist\u00e9rio do Desenvolvimento, Ind\u00fastria e Com\u00e9rcio. O Estado respondeu, sozinho, por 35,2% dos embarques de frango do Pa\u00eds.<\/p>\n<p>A avicultura paranaense continua a atingir n\u00fameros positivos, mesmo com o cen\u00e1rio inst\u00e1vel na economia brasileira e o impacto da opera\u00e7\u00e3o Carne Fraca, que gerou restri\u00e7\u00f5es \u00e0 importa\u00e7\u00e3o da carne brasileira por alguns pa\u00edses.<\/p>\n<p>EMBARQUES &#8211; O Paran\u00e1 exporta para 160 pa\u00edses e os cortes de frango in natura respondem por 96% do total. De janeiro a julho, o maior mercado foi a Ar\u00e1bia Saudita, com US$ 288,14 milh\u00f5es, seguida pela China (US$ 174,2 milh\u00f5es) e Jap\u00e3o (US$ 131, 9 milh\u00f5es).<\/p>\n<p>Um dos destaques foram as exporta\u00e7\u00f5es para \u00c1frica do Sul, que aumentaram 267,3%, para US$ 81,9 milh\u00f5es. Os embarques para o I\u00eamen, por sua vez, cresceram 122,8%, para US$ 17,8 milh\u00f5es.<\/p>\n<p>Segundo levantamento do Sindicato das Ind\u00fastrias de Produtos Av\u00edcolas do Estado do Paran\u00e1 (Sindiavipar), no semestre foram abatidas 888,9 milh\u00f5es de cabe\u00e7as de frango no Paran\u00e1, volume ligeiramente inferior (0,5%) aos 893,8 milh\u00f5es registrados nos primeiros seis meses de 2016.<\/p>\n<p>De acordo com o presidente do sindicato, Domingos Martins, a produ\u00e7\u00e3o est\u00e1 retomando o ritmo, depois das incertezas do mercado. Dentre as regi\u00f5es paranaenses, o destaque vai para a Oeste, que abateu 300 milh\u00f5es de aves durante o per\u00edodo, respondendo por 33,7% do total no estado.<\/p>\n<p>DESEMPENHO &#8211; A avicultura paranaense vem conseguindo driblar a crise econ\u00f4mica e crescer bem acima da m\u00e9dia brasileira nos \u00faltimos anos. Desde 2010, as exporta\u00e7\u00f5es do Paran\u00e1 cresceram 61%. Naquele ano, o Paran\u00e1 respondeu por 25% das exporta\u00e7\u00f5es brasileiras de janeiro a julho (US$ 863,25 milh\u00f5es). Nesse ano, a participa\u00e7\u00e3o est\u00e1 em 35,2%.<\/p>\n<p>De acordo com Julio Suzuki J\u00fanior, diretor-presidente do Instituto Paranaense de Desenvolvimento Econ\u00f4mico Social (Ipardes), os frigor\u00edficos paranaenses galgam espa\u00e7o ao aproveitar a elevada produ\u00e7\u00e3o de gr\u00e3os do Estado, a proximidade com os grandes centros consumidores e a alta tecnologia de produ\u00e7\u00e3o. \u201c Essa combina\u00e7\u00e3o garante ao Estado uma vantagem competitiva e uma participa\u00e7\u00e3o cada vez maior nessa cadeia no Pa\u00eds, com grande participa\u00e7\u00e3o das cooperativas\u201d, diz.<\/p>\n<p>INVESTIMENTOS &#8211; Somente as cooperativas agropecu\u00e1rias do Estado est\u00e3o investindo R$ 310 milh\u00f5es na \u00e1rea de avicultura no Paran\u00e1. O valor corresponde a 14% do total de R$ 2,15 bilh\u00f5es que as cooperativas v\u00e3o investir nesse ano.<\/p>\n<p>De acordo com Alexandre Amorim Monteiro, assessor t\u00e9cnico da Organiza\u00e7\u00e3o das Cooperativas do Paran\u00e1 (Ocepar), o mercado internacional come\u00e7a a ser retomado, depois do impacto da opera\u00e7\u00e3o Carne Fraca. \u201cOs importadores est\u00e3o mais exigentes e pressionando os pre\u00e7os. A percep\u00e7\u00e3o era de que o setor poderia ter ganho mais, mas o movimento est\u00e1 melhorando aos poucos\u201d, diz.<\/p>\n<p>As cooperativas t\u00eam uma capacidade instalada para abater 2,05 milh\u00f5es cabe\u00e7as por dia. No ano passado, produziram 1,4 milh\u00e3o de toneladas de carne de frango. Atualmente s\u00e3o 2,9 mil produtores integrados ao sistema.<\/p>\n<p>Fonte: Ag\u00eancia de Not\u00edcias do PR<\/p>\n","protected":false},"excerpt":{"rendered":"<p>Maior produtor e exportador de frango do Pa\u00eds, o Paran\u00e1 segue ampliando os embarques. A receita de exporta\u00e7\u00f5es bateu novo recorde, com aumento de 8,8%&#8230;<\/p>\n","protected":false},"author":1182,"featured_media":17831,"comment_status":"closed","ping_status":"closed","sticky":false,"template":"","format":"standard","meta":{"footnotes":""},"categories":[6],"tags":[],"class_list":["post-24212","post","type-post","status-publish","format-standard","has-post-thumbnail","hentry","category-noticias"],"_links":{"self":[{"href":"https:\/\/www.sincomam.org.br\/index.php\/wp-json\/wp\/v2\/posts\/24212","targetHints":{"allow":["GET"]}}],"collection":[{"href":"https:\/\/www.sincomam.org.br\/index.php\/wp-json\/wp\/v2\/posts"}],"about":[{"href":"https:\/\/www.sincomam.org.br\/index.php\/wp-json\/wp\/v2\/types\/post"}],"author":[{"embeddable":true,"href":"https:\/\/www.sincomam.org.br\/index.php\/wp-json\/wp\/v2\/users\/1182"}],"replies":[{"embeddable":true,"href":"https:\/\/www.sincomam.org.br\/index.php\/wp-json\/wp\/v2\/comments?post=24212"}],"version-history":[{"count":1,"href":"https:\/\/www.sincomam.org.br\/index.php\/wp-json\/wp\/v2\/posts\/24212\/revisions"}],"predecessor-version":[{"id":24213,"href":"https:\/\/www.sincomam.org.br\/index.php\/wp-json\/wp\/v2\/posts\/24212\/revisions\/24213"}],"wp:featuredmedia":[{"embeddable":true,"href":"https:\/\/www.sincomam.org.br\/index.php\/wp-json\/wp\/v2\/media\/17831"}],"wp:attachment":[{"href":"https:\/\/www.sincomam.org.br\/index.php\/wp-json\/wp\/v2\/media?parent=24212"}],"wp:term":[{"taxonomy":"category","embeddable":true,"href":"https:\/\/www.sincomam.org.br\/index.php\/wp-json\/wp\/v2\/categories?post=24212"},{"taxonomy":"post_tag","embeddable":true,"href":"https:\/\/www.sincomam.org.br\/index.php\/wp-json\/wp\/v2\/tags?post=24212"}],"curies":[{"name":"wp","href":"https:\/\/api.w.org\/{rel}","templated":true}]}}