{"id":24191,"date":"2017-08-10T00:05:16","date_gmt":"2017-08-10T03:05:16","guid":{"rendered":"http:\/\/www.sincomam.org.br\/?p=24191"},"modified":"2017-08-07T23:19:23","modified_gmt":"2017-08-08T02:19:23","slug":"producao-industrial-exportada-atinge-recorde-de-182-no-semestre","status":"publish","type":"post","link":"https:\/\/www.sincomam.org.br\/index.php\/producao-industrial-exportada-atinge-recorde-de-182-no-semestre\/","title":{"rendered":"Produ\u00e7\u00e3o industrial exportada atinge recorde de 18,2% no semestre"},"content":{"rendered":"<p>A ind\u00fastria de transforma\u00e7\u00e3o brasileira nunca teve tanto da sua produ\u00e7\u00e3o vendida ao setor externo, segundo dados da Federa\u00e7\u00e3o das Ind\u00fastrias do Estado do Rio de Janeiro. O \u00cdndice Firjan de Produ\u00e7\u00e3o Exportada (IFPE), indicador que mede a parcela da produ\u00e7\u00e3o destinada \u00e0 exporta\u00e7\u00e3o, atingiu o recorde hist\u00f3rico de 18,2% no primeiro semestre de 2017, conforme antecipado com exclusividade ao Estad\u00e3o\/Broadcast.<\/p>\n<p>No segundo semestre de 2016, a fatia da produ\u00e7\u00e3o que teve como destino a exporta\u00e7\u00e3o tinha sido de 17,3%. O ganho de import\u00e2ncia das vendas externas na pauta industrial, entretanto, \u00e9 explicado pela retra\u00e7\u00e3o na demanda dom\u00e9stica, n\u00e3o pelo crescimento no n\u00famero de encomendas de outros pa\u00edses. Ou seja, diante da menor absor\u00e7\u00e3o dos produtos industriais dentro do Brasil, as vendas para o setor externo ficaram proporcionalmente maiores, ainda que n\u00e3o tenha havido crescimento na demanda por produtos brasileiros internacionalmente.<\/p>\n<p>&#8220;Num per\u00edodo de crise aguda, o setor externo realmente aparece como \u00fanica alternativa para o escoamento da produ\u00e7\u00e3o. O \u00cdndice Firjan de Produ\u00e7\u00e3o Exportada chegou ao \u00e1pice ap\u00f3s dois anos de forte recess\u00e3o econ\u00f4mica, ent\u00e3o o mercado externo \u00e9 um fator importante, mas ainda assim n\u00e3o \u00e9 suficiente para recuperar o setor produtivo. A retomada da ind\u00fastria certamente passa pela recupera\u00e7\u00e3o do mercado dom\u00e9stico&#8221;, avaliou Jonathas Goulart, coordenador de Estudos Econ\u00f4micos da Firjan.<\/p>\n<p>Entre os 24 setores da ind\u00fastria de transforma\u00e7\u00e3o analisados, 16 elevaram a parcela da produ\u00e7\u00e3o exportada nos seis primeiros meses de 2017, em rela\u00e7\u00e3o ao mesmo per\u00edodo de 2016. A fraca atividade fabril, por\u00e9m, foi determinante para o resultado, uma vez que todos esses 16 setores que aumentaram o \u00edndice de produ\u00e7\u00e3o exportada tiveram redu\u00e7\u00e3o na quantidade produzida.\u00a0<\/p>\n<p>&#8220;Quatro setores atingiram patamar recorde no \u00edndice de produ\u00e7\u00e3o exportada, mas em todos eles houve queda na produ\u00e7\u00e3o&#8221;, apontou Goulart.<\/p>\n<p>Os dados do levantamento da Firjan t\u00eam in\u00edcio no primeiro semestre de 2003. Os quatro setores que atingiram no primeiro semestre o n\u00edvel mais alto na s\u00e9rie hist\u00f3rica do IFPE foram m\u00e1quinas e equipamentos (28,4%), borracha e pl\u00e1stico (10,2%), m\u00f3veis (7,4%) e produtos diversos, categoria que engloba itens diversos como bijuteria, instrumentos musicais e artefatos para pesca (13,6%).\u00a0<\/p>\n<p>O desempenho corrobora o cen\u00e1rio de pouco dinamismo mostrado pela Pesquisa Industrial Mensal, divulgada esta semana pelo Instituto Brasileiro de Geografia e Estat\u00edstica (IBGE). A produ\u00e7\u00e3o da ind\u00fastria de transforma\u00e7\u00e3o recuou 0,3% no primeiro semestre, em rela\u00e7\u00e3o ao mesmo per\u00edodo do ano passado. A ind\u00fastria geral s\u00f3 encerrou o semestre com avan\u00e7o de 0,5% por conta do crescimento de 6,0% da extrativa mineral no per\u00edodo, calculou o Instituto de Estudos para o Desenvolvimento Industrial (Iedi) com base dos n\u00fameros do IBGE.<\/p>\n<p>&#8220;O cen\u00e1rio pol\u00edtico permanece conturbado, com incertezas tamb\u00e9m no ambiente econ\u00f4mico, a pr\u00f3pria dificuldade de cumprir a meta fiscal. Isso tem impacto nas expectativas, desperta a possibilidade de eleva\u00e7\u00e3o de impostos. \u00c9 jogar areia num mercado que pouco se recuperou. Come\u00e7amos o ano com um cen\u00e1rio de cautela, e esse cen\u00e1rio ainda existe&#8221;, avaliou Rafael Cagnin, economista-chefe do Iedi.<\/p>\n<p>Fonte: Estad\u00e3o<\/p>\n","protected":false},"excerpt":{"rendered":"<p>A ind\u00fastria de transforma\u00e7\u00e3o brasileira nunca teve tanto da sua produ\u00e7\u00e3o vendida ao setor externo, segundo dados da Federa\u00e7\u00e3o das Ind\u00fastrias do Estado do Rio&#8230;<\/p>\n","protected":false},"author":1182,"featured_media":18495,"comment_status":"closed","ping_status":"closed","sticky":false,"template":"","format":"standard","meta":{"footnotes":""},"categories":[6],"tags":[],"class_list":["post-24191","post","type-post","status-publish","format-standard","has-post-thumbnail","hentry","category-noticias"],"_links":{"self":[{"href":"https:\/\/www.sincomam.org.br\/index.php\/wp-json\/wp\/v2\/posts\/24191","targetHints":{"allow":["GET"]}}],"collection":[{"href":"https:\/\/www.sincomam.org.br\/index.php\/wp-json\/wp\/v2\/posts"}],"about":[{"href":"https:\/\/www.sincomam.org.br\/index.php\/wp-json\/wp\/v2\/types\/post"}],"author":[{"embeddable":true,"href":"https:\/\/www.sincomam.org.br\/index.php\/wp-json\/wp\/v2\/users\/1182"}],"replies":[{"embeddable":true,"href":"https:\/\/www.sincomam.org.br\/index.php\/wp-json\/wp\/v2\/comments?post=24191"}],"version-history":[{"count":1,"href":"https:\/\/www.sincomam.org.br\/index.php\/wp-json\/wp\/v2\/posts\/24191\/revisions"}],"predecessor-version":[{"id":24192,"href":"https:\/\/www.sincomam.org.br\/index.php\/wp-json\/wp\/v2\/posts\/24191\/revisions\/24192"}],"wp:featuredmedia":[{"embeddable":true,"href":"https:\/\/www.sincomam.org.br\/index.php\/wp-json\/wp\/v2\/media\/18495"}],"wp:attachment":[{"href":"https:\/\/www.sincomam.org.br\/index.php\/wp-json\/wp\/v2\/media?parent=24191"}],"wp:term":[{"taxonomy":"category","embeddable":true,"href":"https:\/\/www.sincomam.org.br\/index.php\/wp-json\/wp\/v2\/categories?post=24191"},{"taxonomy":"post_tag","embeddable":true,"href":"https:\/\/www.sincomam.org.br\/index.php\/wp-json\/wp\/v2\/tags?post=24191"}],"curies":[{"name":"wp","href":"https:\/\/api.w.org\/{rel}","templated":true}]}}