{"id":24189,"date":"2017-08-10T00:02:55","date_gmt":"2017-08-10T03:02:55","guid":{"rendered":"http:\/\/www.sincomam.org.br\/?p=24189"},"modified":"2017-08-07T23:04:43","modified_gmt":"2017-08-08T02:04:43","slug":"colheita-de-cafe-da-safra-201718-no-brasil-avanca-para-80-na-semana","status":"publish","type":"post","link":"https:\/\/www.sincomam.org.br\/index.php\/colheita-de-cafe-da-safra-201718-no-brasil-avanca-para-80-na-semana\/","title":{"rendered":"Colheita de caf\u00e9 da safra 2017\/18 no Brasil avan\u00e7a para 80% na semana"},"content":{"rendered":"<p>A colheita de caf\u00e9 da safra 2017\/18 do Brasil atingia 80 por cento, avan\u00e7o de sete pontos percentuais na semana, de acordo com levantamento da consultoria Safras &amp; Mercado.<\/p>\n<p>Em igual per\u00edodo do ano passado, a colheita estava em 76 por cento, mesmo n\u00edvel da m\u00e9dia dos \u00faltimos cinco anos.<\/p>\n<p>Com base na estimativa da Safras &amp; Mercado para a produ\u00e7\u00e3o de caf\u00e9 do Brasil neste ano, de 51,1 milh\u00f5es de sacas de 60 kg, a colheita alcan\u00e7ava 40,74 milh\u00f5es de sacas at\u00e9 1\u00ba de agosto.<\/p>\n<p>Em nota, o consultor Gil Barabach afirmou que o clima predomina nas \u00e1reas produtoras, o que favorece o andamento da colheita e da secagem do caf\u00e9 no Brasil.<\/p>\n<p>&#8220;Produtores de ar\u00e1bica aumentam o tom de preocupa\u00e7\u00e3o com a quebra de safra, baseados no avan\u00e7o do beneficiamento e do alto percentual de perdas com a renda. A queixa \u00e9 com a safra mi\u00fada, especialmente no Sul e Cerrado de Minas e no estado de S\u00e3o Paulo&#8221;, disse.<\/p>\n<p>Segundo a Safras &amp; Mercado, a colheita de ar\u00e1bica avan\u00e7ou oito pontos percentuais na semana, alcan\u00e7ando 74 por cento, enquanto a de conilon (robusta), totalizava 98 por cento, com avan\u00e7o de 2 pontos percentuais desde a semana anterior.<\/p>\n<p>Fonte: Reuters<\/p>\n","protected":false},"excerpt":{"rendered":"<p>A colheita de caf\u00e9 da safra 2017\/18 do Brasil atingia 80 por cento, avan\u00e7o de sete pontos percentuais na semana, de acordo com levantamento da&#8230;<\/p>\n","protected":false},"author":1182,"featured_media":18822,"comment_status":"closed","ping_status":"closed","sticky":false,"template":"","format":"standard","meta":{"footnotes":""},"categories":[6],"tags":[],"class_list":["post-24189","post","type-post","status-publish","format-standard","has-post-thumbnail","hentry","category-noticias"],"_links":{"self":[{"href":"https:\/\/www.sincomam.org.br\/index.php\/wp-json\/wp\/v2\/posts\/24189","targetHints":{"allow":["GET"]}}],"collection":[{"href":"https:\/\/www.sincomam.org.br\/index.php\/wp-json\/wp\/v2\/posts"}],"about":[{"href":"https:\/\/www.sincomam.org.br\/index.php\/wp-json\/wp\/v2\/types\/post"}],"author":[{"embeddable":true,"href":"https:\/\/www.sincomam.org.br\/index.php\/wp-json\/wp\/v2\/users\/1182"}],"replies":[{"embeddable":true,"href":"https:\/\/www.sincomam.org.br\/index.php\/wp-json\/wp\/v2\/comments?post=24189"}],"version-history":[{"count":1,"href":"https:\/\/www.sincomam.org.br\/index.php\/wp-json\/wp\/v2\/posts\/24189\/revisions"}],"predecessor-version":[{"id":24190,"href":"https:\/\/www.sincomam.org.br\/index.php\/wp-json\/wp\/v2\/posts\/24189\/revisions\/24190"}],"wp:featuredmedia":[{"embeddable":true,"href":"https:\/\/www.sincomam.org.br\/index.php\/wp-json\/wp\/v2\/media\/18822"}],"wp:attachment":[{"href":"https:\/\/www.sincomam.org.br\/index.php\/wp-json\/wp\/v2\/media?parent=24189"}],"wp:term":[{"taxonomy":"category","embeddable":true,"href":"https:\/\/www.sincomam.org.br\/index.php\/wp-json\/wp\/v2\/categories?post=24189"},{"taxonomy":"post_tag","embeddable":true,"href":"https:\/\/www.sincomam.org.br\/index.php\/wp-json\/wp\/v2\/tags?post=24189"}],"curies":[{"name":"wp","href":"https:\/\/api.w.org\/{rel}","templated":true}]}}