{"id":24163,"date":"2017-08-08T00:20:11","date_gmt":"2017-08-08T03:20:11","guid":{"rendered":"http:\/\/www.sincomam.org.br\/?p=24163"},"modified":"2017-08-07T22:25:29","modified_gmt":"2017-08-08T01:25:29","slug":"petrobras-preve-alta-marginal-ou-zero-de-demanda-de-petroleo-ate-2040","status":"publish","type":"post","link":"https:\/\/www.sincomam.org.br\/index.php\/petrobras-preve-alta-marginal-ou-zero-de-demanda-de-petroleo-ate-2040\/","title":{"rendered":"Petrobras prev\u00ea alta marginal ou zero de demanda de petr\u00f3leo at\u00e9 2040"},"content":{"rendered":"<p>A Petrobras prev\u00ea que a demanda mundial por petr\u00f3leo ter\u00e1 um crescimento marginal ou zero no per\u00edodo entre 2014 e 2040, afirmou o presidente da estatal, Pedro Parente, em palestra na Funda\u00e7\u00e3o Getulio Vargas (FGV), no Rio. Esse cen\u00e1rio de perda de espa\u00e7o do petr\u00f3leo na matriz energ\u00e9tica mundial \u00e9 um dos desafios estrat\u00e9gicos da estatal na vis\u00e3o do executivo. &#8220;Todas as proje\u00e7\u00f5es levam ao decl\u00ednio da participa\u00e7\u00e3o do petr\u00f3leo no consumo de energia no longo prazo, embora at\u00e9 2035 continue a haver crescimento&#8221;, disse.<\/p>\n<p>A Petrobras trabalha com tr\u00eas diferentes cen\u00e1rios para o aumento da demanda energ\u00e9tica no Pa\u00eds at\u00e9 2040. O mais otimista \u00e9 batizado de Correnteza e prev\u00ea uma taxa de crescimento de 1,0% na demanda por petr\u00f3leo. No cen\u00e1rio Cardume, essa previs\u00e3o \u00e9 de alta de 0,7% e no Coral, o mais negativo, \u00e9 de crescimento zero da demanda pela commodity nesses anos.<\/p>\n<p>O executivo destacou que a mudan\u00e7a na matriz energ\u00e9tica deve levar a um pico de demanda por petr\u00f3leo entre 2030 e 2040. Depois disso deve haver um decl\u00ednio, elevando o risco de haver ativos encalhados. O executivo destacou que a produ\u00e7\u00e3o do pr\u00e9-sal ultrapassou pela primeira vez a do p\u00f3s-sal em junho. Parente frisou que, n\u00e3o fosse por quest\u00f5es regulat\u00f3rias, o desenvolvimento da camada pr\u00e9-sal poderia ter tido uma velocidade maior. Parente destacou as mudan\u00e7as implementadas pela nova dire\u00e7\u00e3o da Ag\u00eancia Nacional do Petr\u00f3leo (ANP), como as referentes \u00e0 pol\u00edtica de conte\u00fado local que, segundo ele, n\u00e3o era racional e tinha que ser aperfei\u00e7oada.\u00a0<\/p>\n<p>Fonte: \u00a0Jornal do Com\u00e9rcio<\/p>\n","protected":false},"excerpt":{"rendered":"<p>A Petrobras prev\u00ea que a demanda mundial por petr\u00f3leo ter\u00e1 um crescimento marginal ou zero no per\u00edodo entre 2014 e 2040, afirmou o presidente da&#8230;<\/p>\n","protected":false},"author":1182,"featured_media":20996,"comment_status":"closed","ping_status":"closed","sticky":false,"template":"","format":"standard","meta":{"footnotes":""},"categories":[6],"tags":[],"class_list":["post-24163","post","type-post","status-publish","format-standard","has-post-thumbnail","hentry","category-noticias"],"_links":{"self":[{"href":"https:\/\/www.sincomam.org.br\/index.php\/wp-json\/wp\/v2\/posts\/24163","targetHints":{"allow":["GET"]}}],"collection":[{"href":"https:\/\/www.sincomam.org.br\/index.php\/wp-json\/wp\/v2\/posts"}],"about":[{"href":"https:\/\/www.sincomam.org.br\/index.php\/wp-json\/wp\/v2\/types\/post"}],"author":[{"embeddable":true,"href":"https:\/\/www.sincomam.org.br\/index.php\/wp-json\/wp\/v2\/users\/1182"}],"replies":[{"embeddable":true,"href":"https:\/\/www.sincomam.org.br\/index.php\/wp-json\/wp\/v2\/comments?post=24163"}],"version-history":[{"count":1,"href":"https:\/\/www.sincomam.org.br\/index.php\/wp-json\/wp\/v2\/posts\/24163\/revisions"}],"predecessor-version":[{"id":24164,"href":"https:\/\/www.sincomam.org.br\/index.php\/wp-json\/wp\/v2\/posts\/24163\/revisions\/24164"}],"wp:featuredmedia":[{"embeddable":true,"href":"https:\/\/www.sincomam.org.br\/index.php\/wp-json\/wp\/v2\/media\/20996"}],"wp:attachment":[{"href":"https:\/\/www.sincomam.org.br\/index.php\/wp-json\/wp\/v2\/media?parent=24163"}],"wp:term":[{"taxonomy":"category","embeddable":true,"href":"https:\/\/www.sincomam.org.br\/index.php\/wp-json\/wp\/v2\/categories?post=24163"},{"taxonomy":"post_tag","embeddable":true,"href":"https:\/\/www.sincomam.org.br\/index.php\/wp-json\/wp\/v2\/tags?post=24163"}],"curies":[{"name":"wp","href":"https:\/\/api.w.org\/{rel}","templated":true}]}}