{"id":24161,"date":"2017-08-07T00:30:17","date_gmt":"2017-08-07T03:30:17","guid":{"rendered":"http:\/\/www.sincomam.org.br\/?p=24161"},"modified":"2017-08-06T17:51:37","modified_gmt":"2017-08-06T20:51:37","slug":"venda-de-maquinas-agricolas-cai-26-em-julho","status":"publish","type":"post","link":"https:\/\/www.sincomam.org.br\/index.php\/venda-de-maquinas-agricolas-cai-26-em-julho\/","title":{"rendered":"Venda de m\u00e1quinas agr\u00edcolas cai 2,6% em julho"},"content":{"rendered":"<p>As vendas internas de m\u00e1quinas agr\u00edcolas e rodovi\u00e1rias no atacado atingiram 3,9 mil unidades em julho, queda de 2,6% na compara\u00e7\u00e3o com igual m\u00eas do ano passado e de 2,4% ante junho, divulgou a Associa\u00e7\u00e3o Nacional dos Fabricantes de Ve\u00edculos Automotores (Anfavea).<\/p>\n<p>No acumulado do ano, no entanto, o mercado cresce 17,1% em rela\u00e7\u00e3o a igual per\u00edodo do ano anterior.<\/p>\n<p>A produ\u00e7\u00e3o de m\u00e1quinas agr\u00edcolas e rodovi\u00e1rias, por sua vez, chegou a 5,6 mil unidades no s\u00e9timo m\u00eas do ano, expans\u00e3o de 13% em compara\u00e7\u00e3o com igual m\u00eas do ano passado e de 5,1% em rela\u00e7\u00e3o a junho. No acumulado do ano, a alta \u00e9 de 35,2%, para 34,4 mil unidades.<\/p>\n<p>As exporta\u00e7\u00f5es de m\u00e1quinas agr\u00edcolas, em valores, totalizaram US$ 259 milh\u00f5es em julho, alta de 75,5% na compara\u00e7\u00e3o com igual m\u00eas do ano passado e de 16,2% sobre o desempenho de junho. No ano, as vendas externas acumulam avan\u00e7o de 40,8%, para US$ 1,472 bilh\u00e3o.<\/p>\n<p>O total de m\u00e1quinas agr\u00edcolas exportadas em julho chegou a 1,3 mil unidades, aumento de 75,9% em rela\u00e7\u00e3o a igual m\u00eas do ano passado. J\u00e1 em compara\u00e7\u00e3o com junho, houve baixa de 11,8%. No acumulado do ano, alta de 40,9%, para 7,3 mil unidades.<\/p>\n<p>Fonte: G1<\/p>\n","protected":false},"excerpt":{"rendered":"<p>As vendas internas de m\u00e1quinas agr\u00edcolas e rodovi\u00e1rias no atacado atingiram 3,9 mil unidades em julho, queda de 2,6% na compara\u00e7\u00e3o com igual m\u00eas do&#8230;<\/p>\n","protected":false},"author":1182,"featured_media":19391,"comment_status":"closed","ping_status":"closed","sticky":false,"template":"","format":"standard","meta":{"footnotes":""},"categories":[6],"tags":[],"class_list":["post-24161","post","type-post","status-publish","format-standard","has-post-thumbnail","hentry","category-noticias"],"_links":{"self":[{"href":"https:\/\/www.sincomam.org.br\/index.php\/wp-json\/wp\/v2\/posts\/24161","targetHints":{"allow":["GET"]}}],"collection":[{"href":"https:\/\/www.sincomam.org.br\/index.php\/wp-json\/wp\/v2\/posts"}],"about":[{"href":"https:\/\/www.sincomam.org.br\/index.php\/wp-json\/wp\/v2\/types\/post"}],"author":[{"embeddable":true,"href":"https:\/\/www.sincomam.org.br\/index.php\/wp-json\/wp\/v2\/users\/1182"}],"replies":[{"embeddable":true,"href":"https:\/\/www.sincomam.org.br\/index.php\/wp-json\/wp\/v2\/comments?post=24161"}],"version-history":[{"count":1,"href":"https:\/\/www.sincomam.org.br\/index.php\/wp-json\/wp\/v2\/posts\/24161\/revisions"}],"predecessor-version":[{"id":24162,"href":"https:\/\/www.sincomam.org.br\/index.php\/wp-json\/wp\/v2\/posts\/24161\/revisions\/24162"}],"wp:featuredmedia":[{"embeddable":true,"href":"https:\/\/www.sincomam.org.br\/index.php\/wp-json\/wp\/v2\/media\/19391"}],"wp:attachment":[{"href":"https:\/\/www.sincomam.org.br\/index.php\/wp-json\/wp\/v2\/media?parent=24161"}],"wp:term":[{"taxonomy":"category","embeddable":true,"href":"https:\/\/www.sincomam.org.br\/index.php\/wp-json\/wp\/v2\/categories?post=24161"},{"taxonomy":"post_tag","embeddable":true,"href":"https:\/\/www.sincomam.org.br\/index.php\/wp-json\/wp\/v2\/tags?post=24161"}],"curies":[{"name":"wp","href":"https:\/\/api.w.org\/{rel}","templated":true}]}}